{"id":1035,"date":"2025-03-19T19:41:25","date_gmt":"2025-03-19T18:41:25","guid":{"rendered":"https:\/\/ceconsultingbenalmadena.es\/?p=1035"},"modified":"2025-03-20T19:42:41","modified_gmt":"2025-03-20T18:42:41","slug":"quien-esta-obligado-a-hacer-la-declaracion-de-la-renta","status":"publish","type":"post","link":"http:\/\/ceconsultingbenalmadena.es\/?p=1035","title":{"rendered":"\u00bfQui\u00e9n est\u00e1 obligado a hacer la declaraci\u00f3n de la renta?"},"content":{"rendered":"\n<p>por Jos\u00e9 Ram\u00f3n Huertas L\u00f3pez<br><\/p>\n\n\n\n<p>Saber si est\u00e1s o no obligado a hacer la declaraci\u00f3n es fundamental. El&nbsp;<strong>3 de abril<\/strong>&nbsp;comienza la&nbsp;<a href=\"https:\/\/ceconsulting.es\/declaracion-renta\/\"><strong>campa\u00f1a de la declaraci\u00f3n de la Renta 2024<\/strong>.<\/a>&nbsp;En este art\u00edculo, te explicamos cu\u00e1ndo el contribuyente est\u00e1 obligado a hacer la declaraci\u00f3n de la renta. Tambi\u00e9n cu\u00e1les son las rentas exentas.<\/p>\n\n\n<div class=\"wp-block-image\">\n<figure class=\"aligncenter\"><img decoding=\"async\" src=\"https:\/\/ceconsulting.es\/wp-content\/uploads\/2022\/03\/obligado-a-declarar-renta-640x427.jpg\" alt=\"Pareja dudando si est\u00e1 obligado a hacer la declaraci\u00f3n de la renta\" class=\"wp-image-22590\"\/><\/figure><\/div>\n\n\n<h2 class=\"wp-block-heading\">\u00bfCu\u00e1ndo est\u00e1s obligado a hacer la declaraci\u00f3n?<\/h2>\n\n\n\n<h3 class=\"wp-block-heading\">Rentas del trabajo superiores a 22.000 euros<\/h3>\n\n\n\n<p>Si las rentas del trabajo de una persona, que recibe de un \u00fanico pagador, superan los&nbsp;<strong>22.000 euros<\/strong>, esta estar\u00e1 obligada a presentar la declaraci\u00f3n de la renta. Se consideran rentas del trabajo: el salario, la prestaci\u00f3n por desempleo o la pensi\u00f3n de jubilaci\u00f3n.<\/p>\n\n\n\n<p>Este l\u00edmite aplica tambi\u00e9n si sus \u00fanicos rendimientos del trabajo consisten en&nbsp;<strong>pensiones<\/strong>&nbsp;de la Seguridad Social y dem\u00e1s&nbsp;<strong>prestaciones pasivas<\/strong>. Y, adem\u00e1s, el tipo de retenci\u00f3n aplicable se haya determinado por el procedimiento especial, establecido reglamentariamente.<\/p>\n\n\n\n<h3 class=\"wp-block-heading\">Varios pagadores y l\u00edmite de 15.876 euros<\/h3>\n\n\n\n<p>En muchos casos, el contribuyente ha recibido rendimientos del trabajo por parte de varias empresas. En estos casos, si la suma de las rentas del segundo y restantes pagadores supera los 1.500 euros, el l\u00edmite para estar obligado a hacer la declaraci\u00f3n ser\u00e1 de 15.876 euros.<\/p>\n\n\n\n<p>Tambi\u00e9n ser\u00e1 obligatoria su presentaci\u00f3n cuando:<\/p>\n\n\n\n<ul class=\"wp-block-list\">\n<li>Se han percibido rentas sujetas a un tipo fijo de retenci\u00f3n.<\/li>\n\n\n\n<li>El pagador no est\u00e1 obligado a retener, como sucede con los empleados del hogar, personas que han percibido pensiones del extranjero, administradores de empresas. En este \u00faltimo caso, los administradores de empresas que cobran por el hecho de ejercer dichas funciones, tienen un tipo dijo de retenci\u00f3n. Por ello, encajar\u00edan en el punto mencionado anteriormente.<\/li>\n<\/ul>\n\n\n\n<p>Estos&nbsp;<strong>l\u00edmites<\/strong>&nbsp;son los mismos tanto si se presenta una&nbsp;<strong>declaraci\u00f3n individual o una declaraci\u00f3n conjunta<\/strong>. La diferencia entre ellos tiene relaci\u00f3n con el c\u00e1lculo de la retenci\u00f3n.<\/p>\n\n\n\n<p>Cuando hay un pagador, habr\u00e1n calculado la retenci\u00f3n seg\u00fan las retribuciones totales del a\u00f1o. Por ello, la diferencia de la suma a ingresar o devolver ser\u00e1 muy peque\u00f1a. En el caso de varios pagadores, se da por hecho que cada uno solo han tenido en cuenta una parte del salario anual para calcular la retenci\u00f3n. De este modo, el IRPF normalmente saldr\u00e1 a ingresar. De ah\u00ed que&nbsp;<a href=\"https:\/\/sede.agenciatributaria.gob.es\/\">Hacienda<\/a>&nbsp;exija hacer la declaraci\u00f3n con un l\u00edmite m\u00e1s bajo.<\/p>\n\n\n\n<h3 class=\"wp-block-heading\">Beneficiarios del Ingreso M\u00ednimo Vital (IMV)<\/h3>\n\n\n\n<p>Las personas que reciben el IMV deber\u00e1n realizar la declaraci\u00f3n de la renta. En caso de no hacerla, podr\u00edan perder esta ayuda.<\/p>\n\n\n\n<h3 class=\"wp-block-heading\">Renta 2024 para los aut\u00f3nomos<\/h3>\n\n\n\n<p>En el caso de los aut\u00f3nomos, a partir del ejercicio correspondiente a 2023&nbsp;<strong>han de declarar obligatoriamente, independientemente de los rendimientos obtenidos<\/strong>.<\/p>\n\n\n\n<h2 class=\"wp-block-heading\">Obligado a hacer la declaraci\u00f3n independientemente de las rentas percibidas<\/h2>\n\n\n\n<p>Se est\u00e1 obligado a declarar, aunque&nbsp;<strong>no se superen los l\u00edmites indicados anteriormente<\/strong>, en aquellos casos en los que:<\/p>\n\n\n\n<ul class=\"wp-block-list\">\n<li>La suma de los rendimientos del\u00a0<strong>capital mobiliario<\/strong>\u00a0(dividendo de acciones, intereses de las cuentas, etc.) y las ganancias\u00a0<strong>patrimoniales<\/strong>\u00a0sometidas a retenci\u00f3n (transmisiones de bienes, de acciones y fondos de inversi\u00f3n, o ciertos premios) supera los 1.600 euros.<\/li>\n\n\n\n<li>La suma de las imputaciones de rentas inmobiliarias, rendimientos de Letras del Tesoro y subvenciones recibidas para la compra de viviendas de protecci\u00f3n oficial o de precio tasado, y dem\u00e1s ganancias patrimoniales derivadas de ayudas p\u00fablicas, sea\u00a0<strong>superior a los 1.000 euros<\/strong>.<\/li>\n\n\n\n<li>Durante el a\u00f1o se hayan obtenido rendimientos de actividades econ\u00f3micas, de alquileres o ganancias patrimoniales, salvo si dichas rentas, junto con las rentas del trabajo y del capital mobiliario, no superan los 1.000 euros, o quienes hayan tenido\u00a0<strong>p\u00e9rdidas<\/strong>\u00a0<strong>patrimoniales<\/strong>\u00a0<strong>de 500 euros<\/strong>.<\/li>\n\n\n\n<li>Se haya recibido alg\u00fan tipo de prestaci\u00f3n p\u00fablica que obligue, para su cobro, la presentaci\u00f3n del IRPF como en el caso del Ingreso M\u00ednimo Vital. Esta obligaci\u00f3n afecta a todas las personas integrantes de la unidad de convivencia, con independencia de que cumplan o no los requisitos vistos anteriormente.<\/li>\n\n\n\n<li>Se quiera aplicar la\u00a0<a href=\"https:\/\/ceconsulting.es\/blog-ceconsulting\/deducciones-en-la-declaracion-de-la-renta\/\"><strong>deducci\u00f3n por compra de vivienda<\/strong><\/a>\u00a0para adquisiciones realizadas hasta el 31 de diciembre de 2012 o bien, reducciones por aportar a planes de pensiones o patrimonios protegidos de personas con discapacidad.<\/li>\n<\/ul>\n\n\n\n<h2 class=\"wp-block-heading\">Rentas exentas:&nbsp;\u00bfQui\u00e9n no est\u00e1 obligado a hacer la declaraci\u00f3n?<\/h2>\n\n\n\n<p>Como hemos visto, la obligaci\u00f3n de hacer la declaraci\u00f3n depende normalmente de las rentas del trabajo y de otros rendimientos. Sin embargo, hay una serie de rentas exentas que no deben computar. Por ejemplo, las becas p\u00fablicas por estudios, las anualidades de alimentos recibidas por decisi\u00f3n judicial y las prestaciones por maternidad, entre otras.<\/p>\n\n\n\n<h2 class=\"wp-block-heading\">C\u00f3mo realizar y presentar la declaraci\u00f3n de Renta 2024<\/h2>\n\n\n\n<p>En la Campa\u00f1a de Renta 2024 se utilizar\u00e1 el&nbsp;<a href=\"https:\/\/sede.agenciatributaria.gob.es\/Sede\/Renta.html\">Servicio de tramitaci\u00f3n del borrador\/declaraci\u00f3n Renta web<\/a>&nbsp;para realizar y presentar la declaraci\u00f3n de todo tipo de rentas, incluidas las actividades econ\u00f3micas.<\/p>\n\n\n\n<p>Los contribuyentes, cuyos datos fiscales no precisen informaci\u00f3n adicional, podr\u00e1n obtener de forma inmediata el borrador de la declaraci\u00f3n y realizar los cambios necesarios para presentar la declaraci\u00f3n por Internet.<\/p>\n","protected":false},"excerpt":{"rendered":"<p>por Jos\u00e9 Ram\u00f3n Huertas L\u00f3pez Saber si est\u00e1s o no obligado a hacer la declaraci\u00f3n es fundamental. El&nbsp;3 de abril&nbsp;comienza la&nbsp;campa\u00f1a de la declaraci\u00f3n de la Renta 2024.&nbsp;En este art\u00edculo, te explicamos cu\u00e1ndo el contribuyente est\u00e1 obligado a hacer la declaraci\u00f3n de la renta. Tambi\u00e9n cu\u00e1les son las rentas exentas. \u00bfCu\u00e1ndo est\u00e1s obligado a hacer &hellip; <a href=\"http:\/\/ceconsultingbenalmadena.es\/?p=1035\" class=\"more-link\">Seguir leyendo <span class=\"screen-reader-text\">\u00bfQui\u00e9n est\u00e1 obligado a hacer la declaraci\u00f3n de la renta?<\/span> <span class=\"meta-nav\">&rarr;<\/span><\/a><\/p>\n","protected":false},"author":1,"featured_media":0,"comment_status":"closed","ping_status":"open","sticky":false,"template":"","format":"standard","meta":{"footnotes":""},"categories":[21],"tags":[],"class_list":["post-1035","post","type-post","status-publish","format-standard","hentry","category-fiscalidad-y-tributacion"],"_links":{"self":[{"href":"http:\/\/ceconsultingbenalmadena.es\/index.php?rest_route=\/wp\/v2\/posts\/1035","targetHints":{"allow":["GET"]}}],"collection":[{"href":"http:\/\/ceconsultingbenalmadena.es\/index.php?rest_route=\/wp\/v2\/posts"}],"about":[{"href":"http:\/\/ceconsultingbenalmadena.es\/index.php?rest_route=\/wp\/v2\/types\/post"}],"author":[{"embeddable":true,"href":"http:\/\/ceconsultingbenalmadena.es\/index.php?rest_route=\/wp\/v2\/users\/1"}],"replies":[{"embeddable":true,"href":"http:\/\/ceconsultingbenalmadena.es\/index.php?rest_route=%2Fwp%2Fv2%2Fcomments&post=1035"}],"version-history":[{"count":1,"href":"http:\/\/ceconsultingbenalmadena.es\/index.php?rest_route=\/wp\/v2\/posts\/1035\/revisions"}],"predecessor-version":[{"id":1036,"href":"http:\/\/ceconsultingbenalmadena.es\/index.php?rest_route=\/wp\/v2\/posts\/1035\/revisions\/1036"}],"wp:attachment":[{"href":"http:\/\/ceconsultingbenalmadena.es\/index.php?rest_route=%2Fwp%2Fv2%2Fmedia&parent=1035"}],"wp:term":[{"taxonomy":"category","embeddable":true,"href":"http:\/\/ceconsultingbenalmadena.es\/index.php?rest_route=%2Fwp%2Fv2%2Fcategories&post=1035"},{"taxonomy":"post_tag","embeddable":true,"href":"http:\/\/ceconsultingbenalmadena.es\/index.php?rest_route=%2Fwp%2Fv2%2Ftags&post=1035"}],"curies":[{"name":"wp","href":"https:\/\/api.w.org\/{rel}","templated":true}]}}