{"id":1075,"date":"2025-05-05T18:47:04","date_gmt":"2025-05-05T16:47:04","guid":{"rendered":"https:\/\/ceconsultingbenalmadena.es\/?p=1075"},"modified":"2025-05-05T18:47:05","modified_gmt":"2025-05-05T16:47:05","slug":"registro-de-alquiler-de-corta-duracion-que-es-a-quien-afecta-y-como-hacerlo","status":"publish","type":"post","link":"http:\/\/ceconsultingbenalmadena.es\/?p=1075","title":{"rendered":"Registro de alquiler de corta duraci\u00f3n: qu\u00e9 es, a qui\u00e9n afecta y c\u00f3mo hacerlo"},"content":{"rendered":"\n<p>por Javier Milara Mu\u00f1oz<\/p>\n\n\n\n<p>El registro de alquiler de corta duraci\u00f3n ser\u00e1 obligatorio a partir del&nbsp;<strong>1 de julio de 2025<\/strong>. Esto afectar\u00e1 a todo&nbsp;<strong>arrendamiento temporal de una vivienda<\/strong>&nbsp;con duraci\u00f3n inferior a un a\u00f1o. Esta nueva exigencia se establece en el&nbsp;<a href=\"https:\/\/www.boe.es\/diario_boe\/txt.php?id=BOE-A-2024-26931\"><strong>Real Decreto 1312\/2024<\/strong><\/a>&nbsp;y en el&nbsp;<strong>Reglamento (UE) 2024\/1028<\/strong>, con el objetivo de&nbsp;<strong>regular el uso de viviendas<\/strong>&nbsp;destinadas a fines&nbsp;<strong>tur\u00edsticos, laborales, acad\u00e9micos o sanitarios<\/strong>&nbsp;en todo el territorio espa\u00f1ol. En&nbsp;<a href=\"https:\/\/ceconsulting.es\/\">CE Consulting<\/a>&nbsp;te contamos todo lo que debes saber al respecto.<\/p>\n\n\n<div class=\"wp-block-image\">\n<figure class=\"aligncenter\"><img decoding=\"async\" src=\"https:\/\/ceconsulting.es\/wp-content\/uploads\/2025\/05\/registro-de-alquiler-de-corta-duracion-640x427.jpg\" alt=\"registro de alquiler de corta duraci\u00f3n\" class=\"wp-image-66120\"\/><\/figure><\/div>\n\n\n<h2 class=\"wp-block-heading\">\u00bfA qui\u00e9n afecta el registro de alquiler de corta duraci\u00f3n?<\/h2>\n\n\n\n<p>La inscripci\u00f3n en este registro ser\u00e1 obligatoria para:<\/p>\n\n\n\n<ul class=\"wp-block-list\">\n<li><strong>Alquileres tur\u00edsticos<\/strong>\u00a0de corta duraci\u00f3n.<\/li>\n\n\n\n<li><strong>Arrendamientos temporales<\/strong>\u00a0por motivos de trabajo, estudios o salud.<\/li>\n\n\n\n<li>Cualquier contrato inferior a un a\u00f1o, independientemente de si lo firma una persona f\u00edsica o jur\u00eddica.<\/li>\n<\/ul>\n\n\n\n<p>No ser\u00e1 necesario registrarse en los siguientes casos:<\/p>\n\n\n\n<ul class=\"wp-block-list\">\n<li><strong>Viviendas habituales<\/strong>, con contrato m\u00ednimo de 12 meses.<\/li>\n\n\n\n<li>Inmuebles destinados a\u00a0<strong>usos no residenciales<\/strong>, como oficinas o locales comerciales.<\/li>\n<\/ul>\n\n\n\n<h2 class=\"wp-block-heading\">\u00bfQu\u00e9 documentaci\u00f3n se necesita para realizar el registro de alquiler de corta duraci\u00f3n?<\/h2>\n\n\n\n<p>Para tramitar la inscripci\u00f3n en la&nbsp;<strong>Ventanilla \u00danica Digital<\/strong>, gestionada por el Ministerio de Vivienda y los Registros de la Propiedad, se requerir\u00e1:<\/p>\n\n\n\n<ul class=\"wp-block-list\">\n<li>Formulario oficial\u00a0<strong>SEDE-RP-31<\/strong>.<\/li>\n\n\n\n<li>Escritura o nota simple del inmueble.<\/li>\n\n\n\n<li>Identificaci\u00f3n del arrendador.<\/li>\n\n\n\n<li>Justificante del motivo temporal (si no es tur\u00edstico).<\/li>\n\n\n\n<li>Autorizaci\u00f3n de la comunidad de propietarios, si es exigible por la normativa.<\/li>\n<\/ul>\n\n\n\n<p>Una vez registrado, se generar\u00e1 un&nbsp;<strong>n\u00famero identificador<\/strong>&nbsp;que deber\u00e1 incluirse en todos los anuncios y contratos de arrendamiento de corta duraci\u00f3n.<\/p>\n\n\n\n<h2 class=\"wp-block-heading\">\u00bfQu\u00e9 consecuencias tiene no registrar un alquiler?<\/h2>\n\n\n\n<p>A partir de julio de 2025,&nbsp;<strong>no registrar la vivienda en el nuevo sistema<\/strong>&nbsp;puede conllevar:<\/p>\n\n\n\n<ul class=\"wp-block-list\">\n<li>Bloqueo del anuncio en plataformas como Airbnb, Booking o similares.<\/li>\n\n\n\n<li>Imposibilidad de\u00a0<strong>formalizar contratos legalmente v\u00e1lidos<\/strong>.<\/li>\n\n\n\n<li>Posibles\u00a0<strong>sanciones administrativas y tributarias<\/strong>.<\/li>\n\n\n\n<li>Acciones legales por parte de comunidades de propietarios que exijan el cumplimiento de la normativa.<\/li>\n<\/ul>\n\n\n\n<h2 class=\"wp-block-heading\">\u00bfCu\u00e1ndo se puede iniciar el registro?<\/h2>\n\n\n\n<p>El&nbsp;<strong>registro alquiler de corta duraci\u00f3n<\/strong>&nbsp;est\u00e1 disponible&nbsp;<strong>desde el 1 de enero de 2025<\/strong>&nbsp;de forma voluntaria. Esto permite regularizar los inmuebles antes de la entrada en vigor obligatoria y evitar imprevistos.<\/p>\n\n\n\n<p>En CE Consulting animamos a quienes se vean afectados por esta nueva regulaci\u00f3n a iniciar el proceso cuanto antes. Nuestro equipo te acompa\u00f1a en todas las fases: desde la verificaci\u00f3n de si la vivienda o contrato debe registrarse, hasta la preparaci\u00f3n de la documentaci\u00f3n, la presentaci\u00f3n ante el Registro y la revisi\u00f3n de los contratos de arrendamiento para adaptarlos al nuevo marco legal.<\/p>\n\n\n\n<p><\/p>\n","protected":false},"excerpt":{"rendered":"<p>por Javier Milara Mu\u00f1oz El registro de alquiler de corta duraci\u00f3n ser\u00e1 obligatorio a partir del&nbsp;1 de julio de 2025. Esto afectar\u00e1 a todo&nbsp;arrendamiento temporal de una vivienda&nbsp;con duraci\u00f3n inferior a un a\u00f1o. Esta nueva exigencia se establece en el&nbsp;Real Decreto 1312\/2024&nbsp;y en el&nbsp;Reglamento (UE) 2024\/1028, con el objetivo de&nbsp;regular el uso de viviendas&nbsp;destinadas a &hellip; <a href=\"http:\/\/ceconsultingbenalmadena.es\/?p=1075\" class=\"more-link\">Seguir leyendo <span class=\"screen-reader-text\">Registro de alquiler de corta duraci\u00f3n: qu\u00e9 es, a qui\u00e9n afecta y c\u00f3mo hacerlo<\/span> <span class=\"meta-nav\">&rarr;<\/span><\/a><\/p>\n","protected":false},"author":1,"featured_media":0,"comment_status":"closed","ping_status":"open","sticky":false,"template":"","format":"standard","meta":{"footnotes":""},"categories":[27],"tags":[],"class_list":["post-1075","post","type-post","status-publish","format-standard","hentry","category-mercantil"],"_links":{"self":[{"href":"http:\/\/ceconsultingbenalmadena.es\/index.php?rest_route=\/wp\/v2\/posts\/1075","targetHints":{"allow":["GET"]}}],"collection":[{"href":"http:\/\/ceconsultingbenalmadena.es\/index.php?rest_route=\/wp\/v2\/posts"}],"about":[{"href":"http:\/\/ceconsultingbenalmadena.es\/index.php?rest_route=\/wp\/v2\/types\/post"}],"author":[{"embeddable":true,"href":"http:\/\/ceconsultingbenalmadena.es\/index.php?rest_route=\/wp\/v2\/users\/1"}],"replies":[{"embeddable":true,"href":"http:\/\/ceconsultingbenalmadena.es\/index.php?rest_route=%2Fwp%2Fv2%2Fcomments&post=1075"}],"version-history":[{"count":1,"href":"http:\/\/ceconsultingbenalmadena.es\/index.php?rest_route=\/wp\/v2\/posts\/1075\/revisions"}],"predecessor-version":[{"id":1076,"href":"http:\/\/ceconsultingbenalmadena.es\/index.php?rest_route=\/wp\/v2\/posts\/1075\/revisions\/1076"}],"wp:attachment":[{"href":"http:\/\/ceconsultingbenalmadena.es\/index.php?rest_route=%2Fwp%2Fv2%2Fmedia&parent=1075"}],"wp:term":[{"taxonomy":"category","embeddable":true,"href":"http:\/\/ceconsultingbenalmadena.es\/index.php?rest_route=%2Fwp%2Fv2%2Fcategories&post=1075"},{"taxonomy":"post_tag","embeddable":true,"href":"http:\/\/ceconsultingbenalmadena.es\/index.php?rest_route=%2Fwp%2Fv2%2Ftags&post=1075"}],"curies":[{"name":"wp","href":"https:\/\/api.w.org\/{rel}","templated":true}]}}