{"id":1105,"date":"2025-06-04T19:25:31","date_gmt":"2025-06-04T17:25:31","guid":{"rendered":"https:\/\/ceconsultingbenalmadena.es\/?p=1105"},"modified":"2025-06-06T19:26:55","modified_gmt":"2025-06-06T17:26:55","slug":"trabajar-con-calor-lo-que-dice-la-ley-y-que-debe-hacer-la-empresa","status":"publish","type":"post","link":"http:\/\/ceconsultingbenalmadena.es\/?p=1105","title":{"rendered":"Trabajar con calor: lo que dice la ley y qu\u00e9 debe hacer la empresa"},"content":{"rendered":"\n<p>por Ana Alarc\u00f3n Ruiz<\/p>\n\n\n\n<p>Trabajar con calor afecta al desempe\u00f1o del trabajo. El bienestar t\u00e9rmico de las personas empleadas es clave para que puedan desarrollar su trabajo en condiciones adecuadas y seguras. Ahora que llega el calor, desde&nbsp;<a href=\"https:\/\/ceconsulting.es\/\">CE Consulting<\/a>&nbsp;te contamos qu\u00e9 dice la ley y c\u00f3mo debe actuar la empresa y los trabajadores.<\/p>\n\n\n<div class=\"wp-block-image\">\n<figure class=\"aligncenter\"><img decoding=\"async\" src=\"https:\/\/ceconsulting.es\/wp-content\/uploads\/2019\/07\/Trabajar-con-calor-640x427.jpg\" alt=\"Trabajar con calor\" class=\"wp-image-69170\"\/><\/figure><\/div>\n\n\n<h2 class=\"wp-block-heading\">Trabajar con calor: \u00bfPor qu\u00e9 controlarlo durante la jornada laboral?<\/h2>\n\n\n\n<p>Cada vez son m\u00e1s frecuentes los episodios de calor extremo. Por ello, la legislaci\u00f3n laboral se hace eco de la necesidad de proteger la salud y el bienestar de los trabajadores durante las olas de calor, sobre todo, cuando se realiza al aire libre. As\u00ed, desde el pasado 13\/05\/2023, el&nbsp;<a href=\"https:\/\/www.boe.es\/buscar\/act.php?id=BOE-A-2023-11187\">Real Decreto-Ley 4\/2023<\/a>&nbsp;aborda la prevenci\u00f3n de riesgos laborales en episodios de elevadas temperaturas,&nbsp;<strong>llegando a prohibir los trabajos al aire libre durante estos episodios de calor.&nbsp;<\/strong>&nbsp;Y obligando a las empresas a&nbsp;<strong>interrumpir o reducir la jornada laboral<\/strong>&nbsp;de estos trabajadores.<\/p>\n\n\n\n<p>Durante los meses de verano, el exceso de calor o el estr\u00e9s t\u00e9rmico pueden provocar problemas de salud o agravar enfermedades ya existentes: dolencias cardiovasculares, respiratorias, cut\u00e1neas, gastrointestinales, epilepsia, insuficiencia renal\u2026 Tambi\u00e9n&nbsp;<strong>aumentan las posibilidades de sufrir un accidente laboral.<\/strong><\/p>\n\n\n\n<p>Durante los d\u00edas especialmente calurosos, el cuerpo necesita hacer un esfuerzo adicional para mantener su temperatura normal (alrededor de los 37 \u00baC). Cuando esta supera los 38 \u00baC, aparecen los primeros s\u00edntomas de afectaci\u00f3n por calor. Por eso, es importante que las compa\u00f1\u00edas refuercen las&nbsp;<strong>medidas preventivas<\/strong>, vigilen el estado del equipo humano y sigan las recomendaciones de las autoridades sanitarias.<\/p>\n\n\n\n<h3 class=\"wp-block-heading\">Qu\u00e9 se considera estr\u00e9s t\u00e9rmico<\/h3>\n\n\n\n<p>El estr\u00e9s t\u00e9rmico es una situaci\u00f3n en la que&nbsp;<strong>el cuerpo humano no puede mantener su temperatura interna normal<\/strong>&nbsp;(alrededor de 37\u202f\u00b0C) debido a una combinaci\u00f3n de calor ambiental, esfuerzo f\u00edsico, humedad, vestimenta y tiempo de exposici\u00f3n. El Instituto Nacional de Seguridad y Salud en el Trabajo (INSST) establece que hay riesgo por estr\u00e9s t\u00e9rmico&nbsp;<strong>cuando las condiciones clim\u00e1ticas superan ciertos umbrales y no se adoptan medidas de prevenci\u00f3n adecuadas.<\/strong><\/p>\n\n\n\n<h2 class=\"wp-block-heading\">Qu\u00e9 establece la legislaci\u00f3n laboral en relaci\u00f3n a trabajar con calor<\/h2>\n\n\n\n<p>Hay una serie de condiciones m\u00ednimas que deben cumplirse para evitar riesgos derivados del calor en el entorno laboral:<\/p>\n\n\n\n<ul class=\"wp-block-list\">\n<li><strong>Corrientes de aire:<\/strong>\u00a0no debe superarse una velocidad de 0,25 m\/s en ambientes no calurosos, 0,5 m\/s en ambientes calurosos con trabajos sedentarios o 0,75 m\/s en trabajos no sedentarios. Si hay aire acondicionado, el l\u00edmite es de 0,25 m\/s en trabajos sedentarios y de 0,35 m\/s en el resto.<\/li>\n\n\n\n<li><strong>Temperatura y humedad:<\/strong>\n<ul class=\"wp-block-list\">\n<li>En lugares cerrados con trabajos sedentarios: entre 17 \u00baC y 27 \u00baC.<\/li>\n\n\n\n<li>En trabajos ligeros o no sedentarios: entre 14 \u00baC y 25 \u00baC.<\/li>\n\n\n\n<li>Humedad relativa entre el 30\u202f% y el 70\u202f%. Si hay riesgo por electricidad est\u00e1tica, el m\u00ednimo ser\u00e1 del 50\u202f%.<\/li>\n<\/ul>\n<\/li>\n\n\n\n<li><strong>Acceso a agua fresca<\/strong>: el Real Decreto 486\/1997 (Anexo V) establece que debe haber agua potable y fresca disponible en el puesto de trabajo.<\/li>\n\n\n\n<li><strong>Ropa adecuada<\/strong>: si es necesario, se debe facilitar ropa de trabajo ligera, transpirable y de colores claros.<\/li>\n\n\n\n<li><strong>Informaci\u00f3n y prevenci\u00f3n<\/strong>: es obligatorio informar a la plantilla sobre los riesgos del calor y las medidas preventivas, poniendo el foco en las personas especialmente vulnerables por salud o edad.<\/li>\n<\/ul>\n\n\n\n<h3 class=\"wp-block-heading\">Si el trabajo es al aire libre, adem\u00e1s\u2026<\/h3>\n\n\n\n<p>Las empresas deben tener en cuenta&nbsp;<strong>medidas adicionales<\/strong>&nbsp;cuando se trabaja al aire libre:<\/p>\n\n\n\n<ul class=\"wp-block-list\">\n<li><strong>Proporcionar gratuitamente EPI adecuados:<\/strong>\u00a0gorra o sombrero, protecci\u00f3n solar, gafas de sol, etc.<\/li>\n\n\n\n<li><strong>Favorecer que las tareas se realicen a la sombra<\/strong>\u00a0o en interiores cuando sea posible.<\/li>\n\n\n\n<li>Asegurarse de que\u00a0<strong>las personas est\u00e1n aclimatadas al esfuerzo f\u00edsico exigido<\/strong>.<\/li>\n\n\n\n<li>Habilitar\u00a0<strong>zonas de descanso frescas y sombreadas.<\/strong><\/li>\n\n\n\n<li>Permitir\u00a0<strong>descansos con la frecuencia<\/strong>\u00a0necesaria.<\/li>\n\n\n\n<li><strong>Reorganizar procesos<\/strong>\u00a0para evitar esfuerzos f\u00edsicos intensos y ajustar los horarios para evitar las horas m\u00e1s calurosas del d\u00eda.<\/li>\n<\/ul>\n\n\n\n<h2 class=\"wp-block-heading\">Jornadas laborales especiales por calor<\/h2>\n\n\n\n<p>El Real Decreto 1561\/1995 establece que, si la exposici\u00f3n a condiciones ambientales extremas (calor, fr\u00edo, humedad, toxicidad\u2026) supone un riesgo para la salud y no puede evitarse con medidas preventivas, debe<strong>&nbsp;reducirse el tiempo de exposici\u00f3n sin que esto implique p\u00e9rdida de salario.&nbsp;<\/strong>Si el&nbsp;<a href=\"https:\/\/ceconsulting.es\/blog-ceconsulting\/convenios-colectivos\/\">convenio colectivo<\/a>&nbsp;no especifica c\u00f3mo actuar en estos casos, la empresa y la plantilla deben llegar a un acuerdo. Si no lo hacen,&nbsp;<a href=\"https:\/\/ceconsulting.es\/blog-ceconsulting\/inspeccion-de-trabajo-areas-revision\/\">Inspecci\u00f3n de Trabajo<\/a>&nbsp;elaborar\u00e1 un informe y la Autoridad Laboral fijar\u00e1 los t\u00e9rminos.<\/p>\n\n\n\n<h3 class=\"wp-block-heading\">Informe especial de la Inspecci\u00f3n de Trabajo<\/h3>\n\n\n\n<p>La solicitud del informe a la Inspecci\u00f3n de Trabajo puede ser realizada por la empresa o por los representantes de los trabajadores, especialmente, si no se ha alcanzado un&nbsp;<strong>acuerdo sobre la reducci\u00f3n de la jornada laboral en condiciones ambientales extremas<\/strong>. Es recomendable que la parte interesada en la evaluaci\u00f3n formalice la solicitud por escrito, detallando las circunstancias y las medidas adoptadas previamente.<\/p>\n\n\n\n<p>Si la empresa no solicita el informe y no se alcanza un acuerdo con los trabajadores, se considera un incumplimiento de las obligaciones establecidas en la normativa laboral. En tal caso, los representantes de los trabajadores pueden presentar una denuncia ante la Inspecci\u00f3n de Trabajo. La falta de actuaci\u00f3n por parte de la empresa puede dar lugar a sanciones administrativas y a la imposici\u00f3n de medidas correctivas por parte de la Autoridad Laboral competente.<\/p>\n\n\n\n<h2 class=\"wp-block-heading\">Novedades legales con relaci\u00f3n a&nbsp;trabajar con calor<\/h2>\n\n\n\n<p>Recientemente se introdujeron nuevas medidas que refuerzan la protecci\u00f3n frente a condiciones meteorol\u00f3gicas extremas:<\/p>\n\n\n\n<ul class=\"wp-block-list\">\n<li><strong>Permiso clim\u00e1tico retribuido:<\/strong>\u00a0hasta cuatro d\u00edas libres (prorrogables) cuando las condiciones meteorol\u00f3gicas sean extremas e impidan acceder al centro de trabajo o transitar por las v\u00edas de circulaci\u00f3n necesarias para acudir al mismo.<\/li>\n\n\n\n<li><strong>Derecho de parada clim\u00e1tica:<\/strong>\u00a0la representaci\u00f3n legal de las personas trabajadoras puede detener la actividad por riesgo clim\u00e1tico, sin represalias.<\/li>\n<\/ul>\n\n\n\n<h2 class=\"wp-block-heading\">Preguntas habituales relacionadas con el calor en el trabajo<\/h2>\n\n\n\n<p>Trabajar con calor genera muchas dudas tanto en las empresas y las personas trabajadoras ya que algunas veces se desconoce qu\u00e9 dice la regulaci\u00f3n y c\u00f3mo actuar o derechos existen.<\/p>\n\n\n\n<p><strong>\u00bfPuede negarse un trabajador a desempe\u00f1ar sus funciones si hace mucho calor?<\/strong><\/p>\n\n\n\n<p>S\u00ed, si existe un riesgo grave e inminente para su salud. El trabajador puede interrumpir su actividad y debe informar de inmediato a la empresa o al delegado de prevenci\u00f3n.<\/p>\n\n\n\n<p><strong>\u00bfTienen los trabajadores derecho a descansos adicionales si hace mucho calor?<\/strong><\/p>\n\n\n\n<p>S\u00ed. La empresa debe adaptar los descansos y pausas si las condiciones t\u00e9rmicas lo exigen para proteger la salud del trabajador, especialmente en exteriores o tareas f\u00edsicas intensas.<\/p>\n\n\n\n<p><strong>\u00bfQu\u00e9 debe hacer el trabajador si en la empresa no aplica medidas ante el calor extremo?<\/strong><\/p>\n\n\n\n<p>Puedes comunicarlo al delegado de prevenci\u00f3n, al comit\u00e9 de empresa o a Inspecci\u00f3n de Trabajo. La empresa tiene la obligaci\u00f3n legal de proteger a su plantilla frente al estr\u00e9s t\u00e9rmico.<\/p>\n\n\n\n<p><strong>\u00bfEs obligatorio contar con zonas de sombra en trabajos al aire libre?<\/strong><\/p>\n\n\n\n<p>S\u00ed. La normativa exige que haya lugares de descanso frescos y a la sombra cuando se trabaja al aire libre en condiciones de calor intenso.<\/p>\n\n\n\n<p><strong>\u00bfDebe la empresa modificar turnos o procesos por una ola de calor?<\/strong><\/p>\n\n\n\n<p>S\u00ed. La empresa debe reorganizar turnos, tareas o procesos para evitar la exposici\u00f3n en las horas m\u00e1s calurosas del d\u00eda y reducir el esfuerzo f\u00edsico excesivo si hay riesgo para la salud.<\/p>\n","protected":false},"excerpt":{"rendered":"<p>por Ana Alarc\u00f3n Ruiz Trabajar con calor afecta al desempe\u00f1o del trabajo. El bienestar t\u00e9rmico de las personas empleadas es clave para que puedan desarrollar su trabajo en condiciones adecuadas y seguras. Ahora que llega el calor, desde&nbsp;CE Consulting&nbsp;te contamos qu\u00e9 dice la ley y c\u00f3mo debe actuar la empresa y los trabajadores. Trabajar con &hellip; <a href=\"http:\/\/ceconsultingbenalmadena.es\/?p=1105\" class=\"more-link\">Seguir leyendo <span class=\"screen-reader-text\">Trabajar con calor: lo que dice la ley y qu\u00e9 debe hacer la empresa<\/span> <span class=\"meta-nav\">&rarr;<\/span><\/a><\/p>\n","protected":false},"author":1,"featured_media":0,"comment_status":"closed","ping_status":"open","sticky":false,"template":"","format":"standard","meta":{"footnotes":""},"categories":[19],"tags":[],"class_list":["post-1105","post","type-post","status-publish","format-standard","hentry","category-laboral"],"_links":{"self":[{"href":"http:\/\/ceconsultingbenalmadena.es\/index.php?rest_route=\/wp\/v2\/posts\/1105","targetHints":{"allow":["GET"]}}],"collection":[{"href":"http:\/\/ceconsultingbenalmadena.es\/index.php?rest_route=\/wp\/v2\/posts"}],"about":[{"href":"http:\/\/ceconsultingbenalmadena.es\/index.php?rest_route=\/wp\/v2\/types\/post"}],"author":[{"embeddable":true,"href":"http:\/\/ceconsultingbenalmadena.es\/index.php?rest_route=\/wp\/v2\/users\/1"}],"replies":[{"embeddable":true,"href":"http:\/\/ceconsultingbenalmadena.es\/index.php?rest_route=%2Fwp%2Fv2%2Fcomments&post=1105"}],"version-history":[{"count":1,"href":"http:\/\/ceconsultingbenalmadena.es\/index.php?rest_route=\/wp\/v2\/posts\/1105\/revisions"}],"predecessor-version":[{"id":1106,"href":"http:\/\/ceconsultingbenalmadena.es\/index.php?rest_route=\/wp\/v2\/posts\/1105\/revisions\/1106"}],"wp:attachment":[{"href":"http:\/\/ceconsultingbenalmadena.es\/index.php?rest_route=%2Fwp%2Fv2%2Fmedia&parent=1105"}],"wp:term":[{"taxonomy":"category","embeddable":true,"href":"http:\/\/ceconsultingbenalmadena.es\/index.php?rest_route=%2Fwp%2Fv2%2Fcategories&post=1105"},{"taxonomy":"post_tag","embeddable":true,"href":"http:\/\/ceconsultingbenalmadena.es\/index.php?rest_route=%2Fwp%2Fv2%2Ftags&post=1105"}],"curies":[{"name":"wp","href":"https:\/\/api.w.org\/{rel}","templated":true}]}}