{"id":1135,"date":"2025-07-18T19:10:15","date_gmt":"2025-07-18T17:10:15","guid":{"rendered":"https:\/\/ceconsultingbenalmadena.es\/?p=1135"},"modified":"2025-07-21T19:11:21","modified_gmt":"2025-07-21T17:11:21","slug":"prevencion-de-riesgos-laborales-en-la-empresa-como-cumplir-y-aplicar-la-ley","status":"publish","type":"post","link":"http:\/\/ceconsultingbenalmadena.es\/?p=1135","title":{"rendered":"Prevenci\u00f3n de riesgos laborales en la empresa: c\u00f3mo cumplir y aplicar la ley"},"content":{"rendered":"\n<p>por Nuria Jimenez Garcia<\/p>\n\n\n\n<p>La prevenci\u00f3n de riesgos laborales en la empresa no es opcional. Las compa\u00f1\u00edas y negocios deben proteger a sus equipos de trabajo y evitar sanciones o&nbsp;<a href=\"https:\/\/ceconsulting.es\/blog-ceconsulting\/inspeccion-de-trabajo-areas-revision\/\">inspecciones de trabajo<\/a>. Desde&nbsp;<a href=\"https:\/\/ceconsulting.es\/\">CE Consulting<\/a>&nbsp;te explicamos en este art\u00edculo qu\u00e9 exige la ley y c\u00f3mo aplicarlo.<\/p>\n\n\n<div class=\"wp-block-image\">\n<figure class=\"aligncenter\"><img decoding=\"async\" src=\"https:\/\/ceconsulting.es\/wp-content\/uploads\/2025\/07\/prevencion-de-riesgos-laborales-en-la-empresa-640x427.jpg\" alt=\"prevenci\u00f3n de riesgos laborales en la empresa: casco, guantes, chalecos,\" class=\"wp-image-73571\"\/><\/figure><\/div>\n\n\n<h2 class=\"wp-block-heading\">Qu\u00e9 es un plan de prevenci\u00f3n&nbsp;en la empresa<\/h2>\n\n\n\n<p>El Plan de Prevenci\u00f3n de Riesgos Laborales (en adelante&nbsp;<a href=\"https:\/\/www.mites.gob.es\/trabajoautonomo\/es\/Personas\/prevencion\/\">PRL<\/a>) es el documento que integra la actividad preventiva en la gesti\u00f3n general de la empresa y establece su pol\u00edtica de seguridad y salud en el trabajo, con el objetivo de proteger la salud y seguridad de las personas trabajadoras, minimizando la posibilidad de que ocurran accidentes laborales y las enfermedades profesionales.<\/p>\n\n\n\n<p>En este documento se detalla quien se encarga de la PRL, qu\u00e9 medidas se van a aplicar y con qu\u00e9 medios.<\/p>\n\n\n\n<h2 class=\"wp-block-heading\">Qu\u00e9 empresas deben tener un plan de prevenci\u00f3n de riesgos laborales<\/h2>\n\n\n\n<p>Todas las empresas que tengan trabajadores por cuenta ajena, independientemente de su tama\u00f1o o sector, est\u00e1n obligadas a contar con un PRL.<\/p>\n\n\n\n<p>No obstante, los aut\u00f3nomos sin empleados no necesitan un plan formal ni contratar un servicio de PRL, aunque s\u00ed deben seguir las normas de seguridad aplicables a su actividad.<\/p>\n\n\n\n<p>Tambi\u00e9n, de manera excepcional las empresas muy peque\u00f1as (con menos de 5 trabajadores y en actividad de bajo riesgo) pueden gestionarla de forma simplificada en un \u00fanico documento.<\/p>\n\n\n\n<h2 class=\"wp-block-heading\">Qu\u00e9 documentaci\u00f3n es obligatoria en materia de PRL<\/h2>\n\n\n\n<p>La legislaci\u00f3n sobre PRL exige dejar constancia documental de todas las acciones preventivas. As\u00ed, los principales documentos obligatorios que debe tener y mantener una empresa son los siguientes:<\/p>\n\n\n\n<ul class=\"wp-block-list\">\n<li><strong>Evaluaci\u00f3n de riesgos laborales<\/strong>: Identifica los peligros presentes en cada puesto o proceso y eval\u00faa el nivel de riesgo.<\/li>\n\n\n\n<li><strong>Planificaci\u00f3n de la actividad preventiva<\/strong>: Detalla las medidas a implantar para controlar los riesgos identificados, asignando responsables y plazos.<\/li>\n\n\n\n<li><strong>Informaci\u00f3n a los trabajadores sobre riesgos<\/strong>: Debe entregarse a cada empleado informaci\u00f3n por escrito de los riesgos espec\u00edficos de su puesto y las medidas de prevenci\u00f3n aplicables.<\/li>\n\n\n\n<li><strong>Registro de formaci\u00f3n en PRL<\/strong>.<\/li>\n\n\n\n<li><strong>Entrega de EPI (Equipos de Protecci\u00f3n Individual)<\/strong>: Listados que reflejan qu\u00e9 equipos de protecci\u00f3n se han entregado a cada trabajador.<\/li>\n\n\n\n<li><strong>Vigilancia de la salud<\/strong>: Registros de los reconocimientos m\u00e9dicos de los trabajadores, si los hubiera.<\/li>\n\n\n\n<li><strong>Plan de emergencia y medidas de primeros auxilios<\/strong>: Es obligatorio tener por escrito las medidas de emergencia adaptadas a la actividad.<\/li>\n\n\n\n<li><strong>Registros de accidentes de trabajo<\/strong>: Es necesario notificar y registrar los accidentes laborales<\/li>\n<\/ul>\n\n\n\n<h2 class=\"wp-block-heading\">Qu\u00e9 son los EPI, cu\u00e1ndo se entregan y c\u00f3mo se registran<\/h2>\n\n\n\n<p>Los EPI (Equipos de Protecci\u00f3n Individual) son dispositivos o prendas destinados a ser llevados o sujetados por el trabajador para<strong>&nbsp;protegerle de riesgos espec\u00edficos<\/strong>&nbsp;que amenacen su seguridad o salud.<\/p>\n\n\n\n<p>Los EPI han de entregarse&nbsp;<strong>de manera gratuita<\/strong>&nbsp;por el empresario siempre que la evaluaci\u00f3n de riesgos determine que son necesarios y antes de que realicen la tarea, asegur\u00e1ndose el empresario de que se usan correctamente y vigilando el uso efectivo en el puesto de trabajo.<\/p>\n\n\n\n<p>Como se ha mencionado antes, debe llevarse un&nbsp;<strong>registro de los EPIs entregados<\/strong>, con detalle, e incluyendo nombre y DNI del trabajador, fecha de entrega, firma de \u00e9ste y del responsable de PRL o almac\u00e9n.<\/p>\n\n\n\n<h2 class=\"wp-block-heading\">Evaluaci\u00f3n de riesgos laborales: qu\u00e9 es, c\u00f3mo se realiza y cada cu\u00e1nto se hace<\/h2>\n\n\n\n<p>La evaluaci\u00f3n de riesgos laborales es fundamental en la prevenci\u00f3n y consiste en identificar los peligros presentes en el lugar de trabajo, en cada puesto o tarea, y estimar el nivel de riesgo que representan, para as\u00ed determinar las medidas preventivas adecuadas. Esta evaluaci\u00f3n la debe realizar personal con formaci\u00f3n t\u00e9cnica en PRL.<\/p>\n\n\n\n<h3 class=\"wp-block-heading\">\u00bfC\u00f3mo se realiza una evaluaci\u00f3n de riesgos?<\/h3>\n\n\n\n<p>El procedimiento habitual es el siguiente:<\/p>\n\n\n\n<ul class=\"wp-block-list\">\n<li>Identificaci\u00f3n de los peligros en cada puesto de trabajo o proceso.<\/li>\n\n\n\n<li>An\u00e1lisis y valoraci\u00f3n del riesgo asociado a cada peligro, considerando qu\u00e9 da\u00f1o podr\u00eda causar (severidad) y con qu\u00e9 frecuencia o probabilidad podr\u00eda ocurrir un incidente.<\/li>\n\n\n\n<li>Propuesta de medidas preventivas o de control para cada riesgo identificado, dando prioridad a eliminar o reducir los riesgos m\u00e1s graves.<\/li>\n<\/ul>\n\n\n\n<h3 class=\"wp-block-heading\">\u00bfCu\u00e1ndo y con qu\u00e9 frecuencia debe realizarse la evaluaci\u00f3n?<\/h3>\n\n\n\n<p>La evaluaci\u00f3n debe hacerse al comienzo de la actividad de la empresa o al abrir un nuevo centro, y siempre antes de que los trabajadores se expongan a los riesgos.<\/p>\n\n\n\n<p>Adem\u00e1s, debe revisarse y actualizarse en cuanto haya cambios relevantes en las condiciones de trabajo: por ejemplo, cuando se introduzca un cambio en las condiciones de trabajo o cuando ocurra un da\u00f1o a la salud.<\/p>\n\n\n\n<h2 class=\"wp-block-heading\">Formaci\u00f3n y comunicaci\u00f3n sobre PRL: qu\u00e9 y cu\u00e1ndo comunicar y formar a la plantilla<\/h2>\n\n\n\n<p>Los empleados tienen&nbsp;<strong>derecho a ser informados de los riesgos de su trabajo y de las medidas para prevenirlos<\/strong>, as\u00ed como a recibir formaci\u00f3n pr\u00e1ctica y te\u00f3rica en prevenci\u00f3n.<\/p>\n\n\n\n<p>Asimismo, el empresario tiene el deber de&nbsp;<strong>comunicar y ense\u00f1ar esas cuestiones de forma clara.<\/strong><\/p>\n\n\n\n<p>Deben comunicarse al trabajador todos los&nbsp;<strong>riesgos inherentes<\/strong>&nbsp;a su puesto al incorporarse el trabajador a la empresa o a una nueva posici\u00f3n<\/p>\n\n\n\n<p>Tambi\u00e9n es recomendable realizar&nbsp;<strong>formaciones peri\u00f3dicas de actualizaci\u00f3n<\/strong>, sobre todo en trabajos de alto riesgo, para recordar las buenas pr\u00e1cticas y actualizar contenidos.<\/p>\n\n\n\n<h2 class=\"wp-block-heading\">Actores clave en la prevenci\u00f3n de riesgos laborales en la empresa<\/h2>\n\n\n\n<h3 class=\"wp-block-heading\">Responsable de prevenci\u00f3n en la empresa<\/h3>\n\n\n\n<p>El m\u00e1ximo responsable de la PRL es el empresario. No obstante, puede delegar o encomendar esa gesti\u00f3n distintos recursos preventivos:<\/p>\n\n\n\n<ul class=\"wp-block-list\">\n<li>En empresas de hasta 10 trabajadores (o hasta 25 si existe un \u00fanico centro de trabajo), el propio empresario puede asumir las funciones de prevenci\u00f3n, siempre que tenga la formaci\u00f3n adecuada para ello y no realicen actividades especialmente peligrosas.<\/li>\n\n\n\n<li>Tambi\u00e9n puede designar a uno o varios trabajadores de su plantilla, formados para ello, para que asuman las tareas de prevenci\u00f3n.<\/li>\n\n\n\n<li>En empresas medianas o grandes es com\u00fan tener un Servicio de Prevenci\u00f3n Propio.<\/li>\n\n\n\n<li>La opci\u00f3n m\u00e1s utilizada por pymes es contratar un Servicio de Prevenci\u00f3n Ajeno (SPA).<\/li>\n<\/ul>\n\n\n\n<p>Las principales funciones del responsable de prevenci\u00f3n, sea interno o externo, incluyen el elaborar o coordinar la evaluaci\u00f3n de riesgos y su actualizaci\u00f3n; proponer y planificar las medidas correctoras; asegurar la formaci\u00f3n e informaci\u00f3n de los trabajadores; investigar incidentes y accidentes.<\/p>\n\n\n\n<p>En cualquier caso, hay que resaltar que, aunque se subcontrate la prevenci\u00f3n, la responsabilidad \u00faltima sigue siendo del empresario.<\/p>\n\n\n\n<h3 class=\"wp-block-heading\">Comit\u00e9 de Seguridad y Salud<\/h3>\n\n\n\n<p>Es el \u00f3rgano paritario y colegiado de participaci\u00f3n destinado a la consulta regular y peri\u00f3dica de las actuaciones preventivas en empresas de 50 o m\u00e1s trabajadores. Este comit\u00e9 est\u00e1 formado por igual n\u00famero de representantes de la empresa y de los trabajadores.<\/p>\n\n\n\n<p>En empresas con menos de 50 trabajadores no existe obligaci\u00f3n de crear un comit\u00e9, pero s\u00ed que existe un delegado de prevenci\u00f3n, a partir de 6 trabajadores, que suele coincidir con el delegado de personal.<\/p>\n\n\n\n<p>Deben reunirse trimestralmente, como m\u00ednimo, o cuando lo solicite alguna de las dos partes que lo componen.<\/p>\n","protected":false},"excerpt":{"rendered":"<p>por Nuria Jimenez Garcia La prevenci\u00f3n de riesgos laborales en la empresa no es opcional. Las compa\u00f1\u00edas y negocios deben proteger a sus equipos de trabajo y evitar sanciones o&nbsp;inspecciones de trabajo. Desde&nbsp;CE Consulting&nbsp;te explicamos en este art\u00edculo qu\u00e9 exige la ley y c\u00f3mo aplicarlo. Qu\u00e9 es un plan de prevenci\u00f3n&nbsp;en la empresa El Plan &hellip; <a href=\"http:\/\/ceconsultingbenalmadena.es\/?p=1135\" class=\"more-link\">Seguir leyendo <span class=\"screen-reader-text\">Prevenci\u00f3n de riesgos laborales en la empresa: c\u00f3mo cumplir y aplicar la ley<\/span> <span class=\"meta-nav\">&rarr;<\/span><\/a><\/p>\n","protected":false},"author":1,"featured_media":0,"comment_status":"closed","ping_status":"open","sticky":false,"template":"","format":"standard","meta":{"footnotes":""},"categories":[19],"tags":[],"class_list":["post-1135","post","type-post","status-publish","format-standard","hentry","category-laboral"],"_links":{"self":[{"href":"http:\/\/ceconsultingbenalmadena.es\/index.php?rest_route=\/wp\/v2\/posts\/1135","targetHints":{"allow":["GET"]}}],"collection":[{"href":"http:\/\/ceconsultingbenalmadena.es\/index.php?rest_route=\/wp\/v2\/posts"}],"about":[{"href":"http:\/\/ceconsultingbenalmadena.es\/index.php?rest_route=\/wp\/v2\/types\/post"}],"author":[{"embeddable":true,"href":"http:\/\/ceconsultingbenalmadena.es\/index.php?rest_route=\/wp\/v2\/users\/1"}],"replies":[{"embeddable":true,"href":"http:\/\/ceconsultingbenalmadena.es\/index.php?rest_route=%2Fwp%2Fv2%2Fcomments&post=1135"}],"version-history":[{"count":1,"href":"http:\/\/ceconsultingbenalmadena.es\/index.php?rest_route=\/wp\/v2\/posts\/1135\/revisions"}],"predecessor-version":[{"id":1136,"href":"http:\/\/ceconsultingbenalmadena.es\/index.php?rest_route=\/wp\/v2\/posts\/1135\/revisions\/1136"}],"wp:attachment":[{"href":"http:\/\/ceconsultingbenalmadena.es\/index.php?rest_route=%2Fwp%2Fv2%2Fmedia&parent=1135"}],"wp:term":[{"taxonomy":"category","embeddable":true,"href":"http:\/\/ceconsultingbenalmadena.es\/index.php?rest_route=%2Fwp%2Fv2%2Fcategories&post=1135"},{"taxonomy":"post_tag","embeddable":true,"href":"http:\/\/ceconsultingbenalmadena.es\/index.php?rest_route=%2Fwp%2Fv2%2Ftags&post=1135"}],"curies":[{"name":"wp","href":"https:\/\/api.w.org\/{rel}","templated":true}]}}