{"id":1046,"date":"2025-03-23T21:05:57","date_gmt":"2025-03-23T20:05:57","guid":{"rendered":"https:\/\/ceconsultingbenalmadena.es\/?p=1046"},"modified":"2025-03-27T21:08:18","modified_gmt":"2025-03-27T20:08:18","slug":"cuentas-anuales-que-son-como-hacerlas-y-cuando-presentarlas","status":"publish","type":"post","link":"https:\/\/ceconsultingbenalmadena.es\/?p=1046","title":{"rendered":"Cuentas anuales: qu\u00e9 son, c\u00f3mo hacerlas y cu\u00e1ndo presentarlas"},"content":{"rendered":"\n<p>por N\u00e9stor Manuel Gonz\u00e1lez Ram\u00edrez<\/p>\n\n\n\n<p>Las&nbsp;cuentas anuales&nbsp;son un&nbsp;conjunto de documentos contables que reflejan la situaci\u00f3n financiera y patrimonial de una empresa&nbsp;al final de cada ejercicio,&nbsp;adem\u00e1s de sus resultados. En este art\u00edculo de&nbsp;<a href=\"https:\/\/ceconsulting.es\/\">CE Consulting<\/a>&nbsp;abordamos los aspectos m\u00e1s relevantes de las mismas, desde qui\u00e9nes est\u00e1n obligados a presentarlas hasta c\u00f3mo se registran.<\/p>\n\n\n<div class=\"wp-block-image\">\n<figure class=\"aligncenter\"><img decoding=\"async\" src=\"https:\/\/ceconsulting.es\/wp-content\/uploads\/2017\/05\/ceconsulting-ayuda-cuentas-anuales-640x366.jpg\" alt=\"\" class=\"wp-image-17691\"\/><\/figure><\/div>\n\n\n<h2 class=\"wp-block-heading\"><\/h2>\n\n\n\n<h2 class=\"wp-block-heading\">Qui\u00e9nes est\u00e1n obligados a presentar las cuentas anuales y qu\u00e9 excepciones existen<\/h2>\n\n\n\n<p>En general, est\u00e1n obligadas a elaborar y presentar las cuentas&nbsp;anuales todas las&nbsp;<strong>empresas que desarrollen una actividad econ\u00f3mica, con independencia de su tama\u00f1o o forma jur\u00eddica.<\/strong>&nbsp;Sin embargo, existen&nbsp;algunas&nbsp;<strong>excepciones<\/strong>&nbsp;a esta obligaci\u00f3n.<\/p>\n\n\n\n<ul class=\"wp-block-list\">\n<li>Los\u00a0empresarios individuales\u00a0no est\u00e1n obligados a presentar cuentas anuales.<\/li>\n\n\n\n<li>En el caso de los\u00a0trabajadores aut\u00f3nomos\u00a0que se rigen por el R\u00e9gimen de Estimaci\u00f3n Directa Normal deben mantener registros contables, pero no est\u00e1n obligados a depositarlos en el Registro Mercantil.<\/li>\n\n\n\n<li>Las\u00a0sociedades no mercantiles\u00a0y el resto de los aut\u00f3nomos tampoco tienen la necesidad de tener libro de cuentas anuales.<\/li>\n<\/ul>\n\n\n\n<p>Es preciso destacar que son las entidades mercantiles las que tienen que depositar sus cuentas anuales en el&nbsp;<a href=\"https:\/\/www.rmc.es\/\">Registro Mercantil.<\/a>&nbsp;En el caso de otro tipo de personas jur\u00eddicas, como pueden ser las fundaciones, han de presentarse ante otro organismo, en este caso, ser\u00eda el Registro Oficial de Fundaciones correspondiente.<\/p>\n\n\n\n<p><em>Si eres una fundaci\u00f3n, inf\u00f3rmate sobre las<\/em>&nbsp;<a href=\"https:\/\/ceconsulting.es\/blog-ceconsulting\/nuevos-plazos-de-presentacion-de-cuentas-anuales-para-fundaciones-y-asociaciones\/\">cuentas anuales de las fundaciones<\/a>.<\/p>\n\n\n\n<h2 class=\"wp-block-heading\">C\u00f3mo se formulan, aprueban y presentan las cuentas anuales<\/h2>\n\n\n\n<p>La elaboraci\u00f3n de las cuentas anuales es&nbsp;responsabilidad del \u00f3rgano de administraci\u00f3n de la empresa. La Ley de Sociedades de Capital establece que&nbsp;<strong>los administradores de una sociedad est\u00e1n obligados a formular,<\/strong>&nbsp;en el&nbsp;plazo m\u00e1ximo de tres meses desde el cierre del ejercicio&nbsp;social, las cuentas anuales, el informe de gesti\u00f3n, y la propuesta de aplicaci\u00f3n del resultado.<\/p>\n\n\n\n<p>Si el ejercicio contable coincide con el a\u00f1o natural,&nbsp;<strong>el plazo de formulaci\u00f3n de cuentas finalizar\u00eda el 31 de marzo<\/strong>&nbsp;del a\u00f1o siguiente.<\/p>\n\n\n\n<h3 class=\"wp-block-heading\">Formulaci\u00f3n de las cuentas anuales<\/h3>\n\n\n\n<p>La formulaci\u00f3n de cuentas consiste en la preparaci\u00f3n de estas y proponer el destino del resultado del ejercicio, para que la junta general de socios lo apruebe posteriormente.<\/p>\n\n\n\n<p>Adem\u00e1s de encargarse de su formulaci\u00f3n, todos los administradores deber\u00e1n firmar las cuentas anuales y el informe de gesti\u00f3n. Si en alguno de ellos faltase a la firma, es necesario indicar expresamente la causa de la ausencia en los documentos en los que falte.<\/p>\n\n\n\n<h3 class=\"wp-block-heading\">Aprobaci\u00f3n de las cuentas anuales<\/h3>\n\n\n\n<p>Una vez formuladas las cuentas anuales por parte de los administradores, estas deben&nbsp;<strong>ser sometidas a la aprobaci\u00f3n de la junta general de socios<\/strong>&nbsp;en el plazo m\u00e1ximo de seis meses desde el cierre del ejercicio. La aprobaci\u00f3n de las cuentas anuales por parte de la junta general de socios es un requisito legal y una responsabilidad fundamental.<\/p>\n\n\n\n<p>A partir de la convocatoria de la junta, cualquier socio podr\u00e1 obtener de la sociedad, de forma inmediata y gratuita, los documentos que han de ser sometidos a la aprobaci\u00f3n de la junta. Tambi\u00e9n el informe de gesti\u00f3n y el informe del auditor de cuentas. Adem\u00e1s, es preciso destacar que cualquier acuerdo adoptado en junta ha de constar en acta.<\/p>\n\n\n\n<h3 class=\"wp-block-heading\">Presentaci\u00f3n y registro<\/h3>\n\n\n\n<p>Tras su aprobaci\u00f3n, las cuentas anuales deben registrarse en el&nbsp;<a href=\"https:\/\/www.registradores.org\/el-colegio\/registro-mercantil\">Registro Mercantil<\/a>, en el caso de que se rijan por la normativa mercantil, como se ha mencionado previamente. El registro de las cuentas anuales es obligatorio para todas las sociedades mercantiles, con independencia de su tama\u00f1o o forma jur\u00eddica.<\/p>\n\n\n\n<h2 class=\"wp-block-heading\">\u00bfCu\u00e1les son los plazos y requisitos legales para su aprobaci\u00f3n y presentaci\u00f3n?<\/h2>\n\n\n\n<ul class=\"wp-block-list\">\n<li><strong>Formulaci\u00f3n.<\/strong>\u00a0Existe un periodo de\u00a0tres meses\u00a0a partir del cierre del ejercicio para formular las cuentas, normalmente el plazo que va desde el\u00a0<strong>1 de enero al 31 de marzo.<\/strong><\/li>\n\n\n\n<li><strong>Aprobaci\u00f3n.<\/strong>\u00a0Las cuentas anuales deben ser aprobadas por el \u00f3rgano de administraci\u00f3n de la empresa dentro de los\u00a0seis meses\u00a0siguientes al cierre del ejercicio, siendo la\u00a0<strong>fecha l\u00edmite el 30 de junio,<\/strong>\u00a0en el caso de que el ejercicio contable coincida con el a\u00f1o natural.<\/li>\n\n\n\n<li><strong>Presentaci\u00f3n.<\/strong>\u00a0Las cuentas anuales deben presentarse ante el Registro Mercantil para su dep\u00f3sito en el\u00a0plazo de un mes\u00a0desde su aprobaci\u00f3n.<\/li>\n<\/ul>\n\n\n\n<h2 class=\"wp-block-heading\">Documentos obligatorios de las cuentas anuales<\/h2>\n\n\n\n<p>Las cuentas anuales est\u00e1n formadas por los siguientes documentos:<\/p>\n\n\n\n<ul class=\"wp-block-list\">\n<li><strong>Balance de situaci\u00f3n.<\/strong>\u00a0Muestra la situaci\u00f3n patrimonial de la empresa en un momento determinado.<\/li>\n\n\n\n<li><strong>Cuenta de p\u00e9rdidas y ganancias.\u00a0<\/strong>Muestra los resultados econ\u00f3micos de la empresa durante un ejercicio.<\/li>\n\n\n\n<li><strong>Memoria anual.<\/strong>\u00a0Proporciona informaci\u00f3n complementaria sobre la situaci\u00f3n financiera, patrimonial y de resultados de la empresa, as\u00ed como aclaraci\u00f3n y menci\u00f3n de aspectos particulares de la sociedad.<\/li>\n\n\n\n<li><strong>Estado de cambios en el patrimonio neto<\/strong>. Muestra los movimientos que se han producido en el patrimonio neto de la empresa durante un ejercicio.<\/li>\n\n\n\n<li><strong>Estado de flujos de efectivo.<\/strong>\u00a0Muestra el origen y destino de los fondos de la empresa durante un ejercicio.<\/li>\n<\/ul>\n\n\n\n<p>No obstante, cuando pueda formularse balance en modelo abreviado, el estado de cambios en el patrimonio neto y el estado de flujos de efectivo no ser\u00e1n obligatorios.<\/p>\n\n\n\n<h2 class=\"wp-block-heading\">Qu\u00e9 documentos deben presentarse en el Registro Mercantil<\/h2>\n\n\n\n<p>A la hora de presentar las cuentas anuales en el Registro Mercantil, se deben presentar los siguientes&nbsp;documentos:<\/p>\n\n\n\n<ul class=\"wp-block-list\">\n<li>Solicitud firmada\u00a0por quien presente las cuentas.<\/li>\n\n\n\n<li>Certificado del administrador\u00a0del acta del acuerdo de la junta o del \u00f3rgano social competente aprobando las cuentas.<\/li>\n\n\n\n<li>Un ejemplar del\u00a0informe de gesti\u00f3n\u00a0(en su caso).<\/li>\n\n\n\n<li>Un ejemplar del\u00a0informe de los auditores de cuentas\u00a0en caso de que la sociedad deba realizar una verificaci\u00f3n contable, o cuando alguno de los miembros de la sociedad solicitara una auditor\u00eda independiente.<\/li>\n\n\n\n<li>Un ejemplar del\u00a0informe de los negocios con acciones de la empresa, si la empresa o sociedad est\u00e1 obligada a presentarlo.<\/li>\n\n\n\n<li>Una\u00a0certificaci\u00f3n\u00a0de que las\u00a0cuentas depositadas\u00a0se corresponden con las\u00a0auditadas\u00a0(en su caso).<\/li>\n<\/ul>\n\n\n\n<h2 class=\"wp-block-heading\">\u00bfQu\u00e9 tipos de cuentas anuales existen?<\/h2>\n\n\n\n<p>Es de inter\u00e9s resaltar que existen distintos formatos de cuentas anuales:<\/p>\n\n\n\n<h3 class=\"wp-block-heading\">Cuentas anuales normales<\/h3>\n\n\n\n<p>Todas las sociedades est\u00e1n obligadas a la presentaci\u00f3n de las cuentas anuales normales, a excepci\u00f3n de aquellas que puedan presentar las cuentas anuales abreviadas o de aquellas que puedan acogerse al Plan General Contable (en adelante PGC) de PYMES (peque\u00f1as y medianas empresas).<\/p>\n\n\n\n<h3 class=\"wp-block-heading\">Cuentas anuales abreviadas<\/h3>\n\n\n\n<p>La principal diferencia entre las cuentas anuales normales y las abreviadas radica en su&nbsp;<strong>simplicidad<\/strong>. Las cuentas anuales abreviadas tienen un formato m\u00e1s simple, donde hay un&nbsp;<strong>menor desglose de la informaci\u00f3n.<\/strong><\/p>\n\n\n\n<p>Podr\u00e1n formular el balance, la memoria y el estado de cambios en el patrimonio neto abreviados las sociedades que durante dos ejercicios consecutivos re\u00fanan, a la fecha de cierre de cada uno de ellos, al menos dos de las siguientes circunstancias:<\/p>\n\n\n\n<ul class=\"wp-block-list\">\n<li>\n<ul class=\"wp-block-list\">\n<li>Que el total de las partidas del activo no supere los cuatro millones de euros.<\/li>\n\n\n\n<li>Que el importe neto de su cifra anual de negocios no supere los ocho millones de euros.<\/li>\n\n\n\n<li>Que el n\u00famero medio de trabajadores empleados durante el ejercicio no sea superior a cincuenta.<\/li>\n<\/ul>\n<\/li>\n<\/ul>\n\n\n\n<p>En cuanto a la cuenta de p\u00e9rdidas y ganancias, las sociedades podr\u00e1n presentarla en su formato abreviado cuando, durante dos ejercicios consecutivos, re\u00fanan a la fecha de cierre de cada uno de ellos, al menos dos de las siguientes circunstancias:<\/p>\n\n\n\n<ul class=\"wp-block-list\">\n<li>\n<ul class=\"wp-block-list\">\n<li>Que el total de las partidas de activo no supere los once millones cuatrocientos mil euros.<\/li>\n\n\n\n<li>Que el importe neto de su cifra anual de negocios no supere los veintid\u00f3s millones ochocientos mil euros.<\/li>\n\n\n\n<li>Que el n\u00famero medio de trabajadores empleados durante el ejercicio no sea superior a doscientos cincuenta.<\/li>\n<\/ul>\n<\/li>\n<\/ul>\n\n\n\n<p>No existe un estado de flujos de efectivo en modelo abreviado: las empresas que puedan presentar el balance, la memoria y el estado de cambios en el patrimonio neto abreviados, est\u00e1n eximidos de presentar este documento.<\/p>\n\n\n\n<h3 class=\"wp-block-heading\">Cuentas anuales PYME<\/h3>\n\n\n\n<p>Las pymes pueden decidir entre aplicar el PGC en su versi\u00f3n \u00edntegra o en la versi\u00f3n espec\u00edfica para PYMES. Adem\u00e1s, las sociedades que apliquen la versi\u00f3n \u00edntegra del PGC, pueden elaborar modelos abreviados de las cuentas anuales si cumplen los requisitos necesarios para su aplicaci\u00f3n.<\/p>\n\n\n\n<p>Es decir, una pyme que cumpla los requisitos para presentar cuentas anuales abreviadas podr\u00e1 elegir entre utilizar los modelos abreviados previstos en el PGC en su versi\u00f3n \u00edntegra o utilizar los modelos previstos en el PGC en su versi\u00f3n para PYMES.<\/p>\n\n\n\n<h3 class=\"wp-block-heading\">El informe de gesti\u00f3n<\/h3>\n\n\n\n<p>El informe de gesti\u00f3n no forma parte espec\u00edficamente de las cuentas anuales, pero deber\u00e1n depositarlo obligatoriamente aquellas sociedades obligadas a presentar los modelos normales del balance de situaci\u00f3n, la memoria y el estado de cambios en el patrimonio neto. Por tanto, en el caso de que la sociedad formule balance y estado de cambios en el patrimonio neto abreviados, no estar\u00e1 obligada a elaborar el informe de gesti\u00f3n.<\/p>\n\n\n\n<h2 class=\"wp-block-heading\">\u00bfQu\u00e9 empresas deben auditar sus cuentas anuales?<\/h2>\n\n\n\n<p>En Espa\u00f1a, hay ciertos casos en los que las empresas est\u00e1n obligadas a auditar sus cuentas, en funci\u00f3n de su tama\u00f1o, o su forma jur\u00eddica.<\/p>\n\n\n\n<p>Las&nbsp;Sociedades An\u00f3nimas y Sociedades Limitadas&nbsp;est\u00e1n obligada a auditar sus cuentas&nbsp;si cumplen con dos de los siguientes tres requisitos:<\/p>\n\n\n\n<ul class=\"wp-block-list\">\n<li>\n<ul class=\"wp-block-list\">\n<li>El\u00a0valor total de los activos\u00a0sea\u00a0superior a 2.850.000 euros.<\/li>\n\n\n\n<li>El importe neto de la\u00a0cifra de negocio\u00a0supere los 5.700.000 euros.<\/li>\n\n\n\n<li>M\u00e1s de los 50 empleados.<\/li>\n<\/ul>\n<\/li>\n<\/ul>\n\n\n\n<p>Tambi\u00e9n habr\u00e1n de auditar sus cuentas aquellas sociedades que durante un ejercicio social hubieran recibido&nbsp;subvenciones o ayudas&nbsp;con cargo a los presupuestos de las Administraciones P\u00fablicas o a fondos de la Uni\u00f3n Europea&nbsp;por un&nbsp;importe total acumulado superior a 600.000 euros, en dicho ejercicio y en los ejercicios en que se realicen las operaciones o ejecuten las inversiones correspondientes a las citadas subvenciones o ayudas.<\/p>\n\n\n\n<p>Es importante tener en cuenta que las empresas que no tienen la obligaci\u00f3n de auditar sus cuentas anuales pueden optar por realizar una auditor\u00eda de manera voluntaria, ya que esto puede proporcionar garant\u00edas adicionales de transparencia y confianza. En estos casos, se indicar\u00eda en la presentaci\u00f3n de las cuentas anuales la condici\u00f3n de voluntariedad de la auditor\u00eda.<\/p>\n\n\n\n<h2 class=\"wp-block-heading\">Multas y consecuencias legales por no presentar las cuentas anuales<\/h2>\n\n\n\n<p>La no presentaci\u00f3n de las cuentas anuales puede conllevar las siguientes&nbsp;consecuencias:<\/p>\n\n\n\n<ul class=\"wp-block-list\">\n<li>Las empresas que no presenten las cuentas anuales pueden\u00a0<strong>ser sancionadas\u00a0por la Administraci\u00f3n.<\/strong>\u00a0Las sanciones pueden ser de naturaleza econ\u00f3mica, con\u00a0multas de hasta 60.000 \u20ac.<\/li>\n\n\n\n<li>Si en el plazo de un a\u00f1o desde el cierre del ejercicio todav\u00eda no se han presentado las cuentas,\u00a0<strong>se puede producir el\u00a0cierre de la hoja registral.<\/strong>\u00a0Esto supone que no se pueda inscribir ning\u00fan documento en el Registro. Las \u00fanicas excepciones son los ceses o dimisiones de administradores, la revocaci\u00f3n o renuncia de poderes, y la disoluci\u00f3n de la sociedad y el nombramiento de liquidadores.<\/li>\n<\/ul>\n\n\n\n<p>Otros efectos, no tipificados, pero tambi\u00e9n importantes para la entidad son:<\/p>\n\n\n\n<ul class=\"wp-block-list\">\n<li>El\u00a0<strong>da\u00f1o en la credibilidad\u00a0de la empresa<\/strong>\u00a0ante sus socios, clientes y proveedores.<\/li>\n\n\n\n<li><strong>Responsabilidad del administrador\u00a0frente a la sociedad y sus socios<\/strong>, por no haber actuado con la debida diligencia. Tambi\u00e9n frente a terceros, e incluso como circunstancia para valorar su responsabilidad en el caso de\u00a0<a href=\"https:\/\/ceconsulting.es\/blog-ceconsulting\/concurso-de-acreedores\/\">concurso de acreedores<\/a>\u00a0por no formular las cuentas, someterlas a auditor\u00eda (si estuviera obligado) o no depositarlas en el Registro Mercantil.<\/li>\n\n\n\n<li>Adem\u00e1s, la compa\u00f1\u00eda podr\u00eda tener\u00a0<strong>dificultades para obtener financiaci\u00f3n\u00a0<\/strong>de las entidades financieras por el empeoramiento de la opini\u00f3n de cr\u00e9dito de los informes de solvencia o del cr\u00e9dito mismo.<\/li>\n<\/ul>\n\n\n\n<h2 class=\"wp-block-heading\">Preguntas sobre las Cuentas Anuales<\/h2>\n\n\n\n<p>Os presentamos algunas dudas habituales sobre las cuentas anuales.<\/p>\n\n\n\n<h3 class=\"wp-block-heading\">\u00bfQu\u00e9 sucede si no se presentan las cuentas anuales porque no se han aprobado?<\/h3>\n\n\n\n<p>Es posible que las cuentas no se presenten porque no han sido aprobadas. En este caso, el \u00f3rgano de administraci\u00f3n podr\u00e1 evitar el cierre registral. Para ello tiene que presentar en el Registro una certificaci\u00f3n, con firmas legitimadas, que exprese la causa de falta de aprobaci\u00f3n. O una copia del acta notarial de la Junta en la que conste la falta de aprobaci\u00f3n de las cuentas anuales. Deber\u00e1 presentarlo dentro un a\u00f1o desde la fecha de cierre del ejercicio social.<\/p>\n\n\n\n<p>Adem\u00e1s, en este caso se debe justificar, cada seis meses, que persiste la situaci\u00f3n de falta de aprobaci\u00f3n de las cuentas. Esto deber\u00e1 someter nuevamente a la aprobaci\u00f3n de la junta general y, en su caso, reiterar la falta de aprobaci\u00f3n.<\/p>\n\n\n\n<p>Por \u00faltimo, es importante recordar que&nbsp;la falta de formulaci\u00f3n de las cuentas anuales ser\u00e1 considerada como un&nbsp;<strong>caso de administraci\u00f3n negligente<\/strong>&nbsp;de la sociedad. As\u00ed, los administradores no podr\u00e1n alegar desconocimiento de la situaci\u00f3n de desequilibrio patrimonial de la sociedad, si la hubiera.<\/p>\n\n\n\n<h3 class=\"wp-block-heading\">\u00bfLas entidades religiosas tienen que presentar cuentas anuales?<\/h3>\n\n\n\n<p>La Conferencia Episcopal Espa\u00f1ola firm\u00f3 un convenio de colaboraci\u00f3n con Transparencia Internacional Espa\u00f1a. Este organismo no gubernamental lucha contra la corrupci\u00f3n a trav\u00e9s de la creaci\u00f3n y el fortalecimiento de sistemas de integridad. Mediante este acuerdo se establecen medidas de transparencia y de apertura de datos que facilitar\u00e1n la rendici\u00f3n p\u00fablica de cuentas de la Conferencia Episcopal Espa\u00f1ola.<\/p>\n\n\n\n<p>Adem\u00e1s, todas las entidades religiosas de \u00e1mbito nacional que hayan sido aprobadas por la Conferencia Episcopal Espa\u00f1ola est\u00e1n sujetas a mecanismos de vigilancia econ\u00f3mico- patrimonial, control de cuentas y supervisi\u00f3n. Y deben presentar las cuentas anuales ante la Oficina de Transparencia de la Conferencia Episcopal. Estos mecanismos son los previstos por el ordenamiento can\u00f3nico y sus estatutos conforme a lo establecido en el Reglamento de rendici\u00f3n de cuentas para las entidades inscritas en el Registro de Entidades Religiosas de \u00e1mbito nacional.<\/p>\n\n\n\n<p>Las Fundaciones can\u00f3nicas regidas por la Conferencia Episcopal Espa\u00f1ola deber\u00e1n aprobar sus cuentas anuales. Y debe ser en el plazo m\u00e1ximo de seis meses desde el cierre del ejercicio. Luego remitirlas a la Delegaci\u00f3n Episcopal de Fundaciones dentro del plazo de 10 d\u00edas h\u00e1biles desde su aprobaci\u00f3n.<\/p>\n\n\n\n<p>Adem\u00e1s, deber\u00e1n de presentar en los tres meses anteriores al inicio del ejercicio econ\u00f3mico, un plan de actuaci\u00f3n. Este incluir\u00e1 el conjunto de actividades previstas a realizar, as\u00ed como el presupuesto de ingresos y gastos previstos para llevarlo a cabo dichas actividades.<\/p>\n\n\n\n<h3 class=\"wp-block-heading\">\u00bfQu\u00e9 relaci\u00f3n tienen las cuentas anuales y los libros de contabilidad?<\/h3>\n\n\n\n<p>El cierre del ejercicio social de una entidad marca los plazos para el cumplimiento de las obligaciones mercantiles y fiscales. En el caso de&nbsp;las entidades con ejercicio social igual al a\u00f1o natural&nbsp;(cierra a fecha 31 de diciembre), se dispone de un plazo de cuatro meses para la legalizaci\u00f3n de los&nbsp;<strong>Libros Oficiales<\/strong>, es decir, hasta el&nbsp;<strong>30 de abril.<\/strong><\/p>\n\n\n\n<h3 class=\"wp-block-heading\">\u00bfQu\u00e9 diferencias hay entre las cuentas anuales y los estados financieros?<\/h3>\n\n\n\n<p>Las cuentas anuales y los estados financieros son dos conceptos que se suelen utilizar de forma indistinta. Sin embargo,&nbsp;<strong>existen diferencias<\/strong>&nbsp;entre ambos t\u00e9rminos.<\/p>\n\n\n\n<p>Las cuentas anuales son un conjunto de documentos contables que reflejan la situaci\u00f3n financiera, patrimonial y de resultados de una empresa a una fecha determinada. Son un concepto cerrado y sus documentos est\u00e1n&nbsp;<strong>establecidos en la Ley,<\/strong>&nbsp;de obligatoria elaboraci\u00f3n y presentaci\u00f3n en el Registro Mercantil. Los estados financieros, por su parte, son un conjunto de&nbsp;<strong>datos financieros menos detallados. Se utilizan para tomar decisiones de inversi\u00f3n o financiaci\u00f3n.&nbsp;<\/strong>&nbsp;Abarcan mayor cantidad de documentos e informes.<\/p>\n\n\n\n<p><em>Conoce en detalle las<\/em>&nbsp;<a href=\"https:\/\/ceconsulting.es\/blog-ceconsulting\/estados-financieros-claves-elaborar-informe\/\">claves para elaborar los estados financieros<\/a><\/p>\n\n\n\n<h3 class=\"wp-block-heading\">\u00bfQu\u00e9 consecuencias tiene el falseamiento de las cuentas?<\/h3>\n\n\n\n<p>Falsear las cuentas anuales de una empresa no es solo una irregularidad contable, constituye un&nbsp;<strong>delito societario tipificado en el C\u00f3digo Penal<\/strong>. Si un administrador o directivo presenta informaci\u00f3n falsa o incompleta con el objetivo de causar un perjuicio econ\u00f3mico, puede enfrentarse a penas de prisi\u00f3n de uno a tres a\u00f1os y multas econ\u00f3micas. Estas penas se agravan si efectivamente se produce el da\u00f1o econ\u00f3mico. Y tambi\u00e9n implican la p\u00e9rdida de los bienes o beneficios obtenidos a trav\u00e9s del delito.<\/p>\n\n\n\n<p>El falseamiento puede ser activo (modificar datos) o pasivo (ocultar informaci\u00f3n relevante) y puede generar tanto&nbsp;<strong>responsabilidad penal como civil<\/strong>. Es decir, adem\u00e1s de las penas previstas, la persona responsable deber\u00e1 asumir la reparaci\u00f3n de los da\u00f1os y perjuicios causados. Por ello, es fundamental que los administradores que no est\u00e9n de acuerdo con el contenido de las cuentas anuales&nbsp;<strong>dejen constancia de su disconformidad en el acta<\/strong>, pero no se nieguen a firmarlas. Esto es as\u00ed ya que la firma es una obligaci\u00f3n legal y no implica necesariamente conformidad con su contenido.<\/p>\n","protected":false},"excerpt":{"rendered":"<p>por N\u00e9stor Manuel Gonz\u00e1lez Ram\u00edrez Las&nbsp;cuentas anuales&nbsp;son un&nbsp;conjunto de documentos contables que reflejan la situaci\u00f3n financiera y patrimonial de una empresa&nbsp;al final de cada ejercicio,&nbsp;adem\u00e1s de sus resultados. En este art\u00edculo de&nbsp;CE Consulting&nbsp;abordamos los aspectos m\u00e1s relevantes de las mismas, desde qui\u00e9nes est\u00e1n obligados a presentarlas hasta c\u00f3mo se registran. Qui\u00e9nes est\u00e1n obligados a presentar &hellip; <a href=\"https:\/\/ceconsultingbenalmadena.es\/?p=1046\" class=\"more-link\">Seguir leyendo <span class=\"screen-reader-text\">Cuentas anuales: qu\u00e9 son, c\u00f3mo hacerlas y cu\u00e1ndo presentarlas<\/span> <span class=\"meta-nav\">&rarr;<\/span><\/a><\/p>\n","protected":false},"author":1,"featured_media":0,"comment_status":"closed","ping_status":"open","sticky":false,"template":"","format":"standard","meta":{"footnotes":""},"categories":[26],"tags":[],"class_list":["post-1046","post","type-post","status-publish","format-standard","hentry","category-contabilidad-y-finanzas"],"_links":{"self":[{"href":"https:\/\/ceconsultingbenalmadena.es\/index.php?rest_route=\/wp\/v2\/posts\/1046","targetHints":{"allow":["GET"]}}],"collection":[{"href":"https:\/\/ceconsultingbenalmadena.es\/index.php?rest_route=\/wp\/v2\/posts"}],"about":[{"href":"https:\/\/ceconsultingbenalmadena.es\/index.php?rest_route=\/wp\/v2\/types\/post"}],"author":[{"embeddable":true,"href":"https:\/\/ceconsultingbenalmadena.es\/index.php?rest_route=\/wp\/v2\/users\/1"}],"replies":[{"embeddable":true,"href":"https:\/\/ceconsultingbenalmadena.es\/index.php?rest_route=%2Fwp%2Fv2%2Fcomments&post=1046"}],"version-history":[{"count":1,"href":"https:\/\/ceconsultingbenalmadena.es\/index.php?rest_route=\/wp\/v2\/posts\/1046\/revisions"}],"predecessor-version":[{"id":1047,"href":"https:\/\/ceconsultingbenalmadena.es\/index.php?rest_route=\/wp\/v2\/posts\/1046\/revisions\/1047"}],"wp:attachment":[{"href":"https:\/\/ceconsultingbenalmadena.es\/index.php?rest_route=%2Fwp%2Fv2%2Fmedia&parent=1046"}],"wp:term":[{"taxonomy":"category","embeddable":true,"href":"https:\/\/ceconsultingbenalmadena.es\/index.php?rest_route=%2Fwp%2Fv2%2Fcategories&post=1046"},{"taxonomy":"post_tag","embeddable":true,"href":"https:\/\/ceconsultingbenalmadena.es\/index.php?rest_route=%2Fwp%2Fv2%2Ftags&post=1046"}],"curies":[{"name":"wp","href":"https:\/\/api.w.org\/{rel}","templated":true}]}}