{"id":821,"date":"2024-11-17T18:01:24","date_gmt":"2024-11-17T17:01:24","guid":{"rendered":"https:\/\/ceconsultingbenalmadena.es\/?p=821"},"modified":"2024-11-19T18:02:48","modified_gmt":"2024-11-19T17:02:48","slug":"que-es-un-erte","status":"publish","type":"post","link":"https:\/\/ceconsultingbenalmadena.es\/?p=821","title":{"rendered":"\u00bfQu\u00e9 es un ERTE?"},"content":{"rendered":"\n<h1 class=\"wp-block-heading\">\u00bfQu\u00e9 es un ERTE? Te explicamos todo lo que tienes que saber<\/h1>\n\n\n\n<p>por Ana Alarc\u00f3n Ruiz<\/p>\n\n\n\n<p>Un ERTE (Expediente de Regulaci\u00f3n Temporal de Empleo) es un mecanismo legal en Espa\u00f1a que permite a las empresas&nbsp;<strong>suspender o reducir temporalmente los contratos de<\/strong>&nbsp;<strong>trabajo<\/strong>&nbsp;de sus empleados debido a circunstancias econ\u00f3micas, t\u00e9cnicas, organizativas o de fuerza mayor. En este art\u00edculo, de la mano de expertos de&nbsp;<a href=\"https:\/\/ceconsulting.es\/\">CE Consulting<\/a>&nbsp;exploramos las principales caracter\u00edsticas de este mecanismo. Y explicamos c\u00f3mo actuar en ERTES de empresas afectadas por la DANA.<\/p>\n\n\n<div class=\"wp-block-image\">\n<figure class=\"aligncenter\"><img decoding=\"async\" src=\"https:\/\/ceconsulting.es\/wp-content\/uploads\/2021\/05\/ceconsulting-que-es-erte.png\" alt=\"Mujer recogiendo sus pertenencias en la oficina por un ERTE\" class=\"wp-image-11494\"\/><\/figure><\/div>\n\n\n<h2 class=\"wp-block-heading\">\u00bfCu\u00e1ndo se puede aplicar un ERTE?<\/h2>\n\n\n\n<p>Un ERTE puede aplicarse cuando existan&nbsp;<strong>causas econ\u00f3micas, t\u00e9cnicas, organizativas o de producci\u00f3n&nbsp;<\/strong>que justifiquen la suspensi\u00f3n temporal de los contratos de trabajo. Tambi\u00e9n es posible aplicar un ERTE en&nbsp;<strong>situaciones de fuerza mayor, ya sea por causas ordinarias o por impedimentos o limitaciones en la actividad<\/strong>&nbsp;de la empresa debido a decisiones de la autoridad como sucedi\u00f3 durante la pandemia por COVID.<\/p>\n\n\n\n<p>Los ERTE no dan lugar a la extinci\u00f3n de la relaci\u00f3n laboral, sino a una&nbsp;<strong>suspensi\u00f3n de los contratos de trabajo<\/strong>&nbsp;de aquellos trabajadores afectados. No existe restricci\u00f3n en cuanto al n\u00famero m\u00e1ximo de trabajadores que la empresa puede incluir en el ERTE. Por lo tanto, es posible incluso la aplicaci\u00f3n a todos los trabajadores de la empresa. En todo caso, ser\u00e1 v\u00e1lido el criterio de selecci\u00f3n de determinados trabajadores afectados por un ERTE, siempre y cuando se justifique con criterios objetivos, como la&nbsp;<strong>baja carga de trabajo<\/strong>&nbsp;o los&nbsp;<strong>rendimientos<\/strong>&nbsp;por debajo de los costes de explotaci\u00f3n.<\/p>\n\n\n\n<p>Una vez se haya alcanzado un acuerdo con la representaci\u00f3n legal de los trabajadores, el ERTE tiene plena eficacia y solo puede&nbsp;<strong>impugnarse<\/strong>&nbsp;por fraude, dolo, coacci\u00f3n o abuso de derecho en su conclusi\u00f3n.<\/p>\n\n\n\n<h2 class=\"wp-block-heading\">\u00bfCu\u00e1les son los pasos para realizar un ERTE?<\/h2>\n\n\n\n<h3 class=\"wp-block-heading\">Por fuerza mayor<\/h3>\n\n\n\n<p>SI el ERTE es por fuerza mayor, los pasos que deben seguirse son los siguientes son:<\/p>\n\n\n\n<ul class=\"wp-block-list\">\n<li>Se inicia mediante solicitud de la empresa dirigida a la autoridad laboral. Y simult\u00e1nea comunicaci\u00f3n a la representaci\u00f3n legal de los trabajadores (RLT).<\/li>\n\n\n\n<li>La autoridad laboral ha de recabar, con car\u00e1cter preceptivo, informe de la ITSS. Esta se debe pronunciar sobre la concurrencia de la fuerza mayor.<\/li>\n\n\n\n<li>La resoluci\u00f3n de la autoridad laboral debe dictarse en el plazo m\u00e1ximo de 5 d\u00eda. Esto, a contar desde la fecha de entrada de la solicitud en el registro del \u00f3rgano competente para su tramitaci\u00f3n. Y debe constatar la existencia de la fuerza mayor alegada por la empresa y hasta qu\u00e9 fecha surte efectos.<\/li>\n\n\n\n<li>Corresponde a la empresa la decisi\u00f3n sobre la extinci\u00f3n de los contratos. O la aplicaci\u00f3n de medidas de suspensi\u00f3n de los contratos o reducci\u00f3n de la jornada. Esto debe trasladarse a la RLT y a la autoridad laboral.<\/li>\n<\/ul>\n\n\n\n<h3 class=\"wp-block-heading\">Si el ERTE es ETOP<\/h3>\n\n\n\n<p>SI el ERTE es ETOP (por causas econ\u00f3micas, organizativas o de producci\u00f3n), los pasos que deben seguirse son los siguientes:<\/p>\n\n\n\n<ul class=\"wp-block-list\">\n<li>El procedimiento se inicia con la comunicaci\u00f3n de la apertura del periodo de consultas dirigida a los representantes de los trabajadores. O, en caso de de no contar con esta figura, a los trabajadores directamente. Y a la a la autoridad laboral competente.<\/li>\n\n\n\n<li>La autoridad laboral da traslado de la comunicaci\u00f3n empresarial a la entidad gestora de las prestaciones por desempleo y recaba informe de la ITSS.<\/li>\n\n\n\n<li>Durante el\u00a0periodo de consultas, ambas partes deben negociar para alcanzar un acuerdo. Este acuerdo requiere la mayor\u00eda de votos de los representantes legales de los trabajadores o de la comisi\u00f3n representativa.<\/li>\n\n\n\n<li>Tanto la empresa, como la representaci\u00f3n de los trabajadores, pueden acordar sustituir el periodo de consultas por un proceso de mediaci\u00f3n o arbitraje.<\/li>\n<\/ul>\n\n\n\n<p>Durante el ERTE, los trabajadores afectados pueden solicitar prestaciones por desempleo al SEPE. Estas prestaciones est\u00e1n sujetas a ciertos requisitos y condiciones. Por ejemplo: haber cotizado el tiempo suficiente y estar en situaci\u00f3n legal de desempleo. El SEPE eval\u00faa la solicitud. Y, si se cumplen los requisitos, aprueba la prestaci\u00f3n.<\/p>\n\n\n\n<h2 class=\"wp-block-heading\">\u00bfExisten limitaciones a su duraci\u00f3n?<\/h2>\n\n\n\n<p>La duraci\u00f3n de un expediente de regulaci\u00f3n temporal de empleo (ERTE) no est\u00e1 limitada por plazos m\u00ednimos o m\u00e1ximos seg\u00fan la legislaci\u00f3n, ya que se considera una situaci\u00f3n excepcional vinculada a circunstancias espec\u00edficas que afectan&nbsp;<strong>tanto a la empresa como a sus trabajadores<\/strong>.<\/p>\n\n\n\n<p>Por lo tanto, la duraci\u00f3n de un ERTE est\u00e1 directamente relacionada con la superaci\u00f3n de dicha situaci\u00f3n de crisis que llev\u00f3 a su implementaci\u00f3n.<\/p>\n\n\n\n<h2 class=\"wp-block-heading\">\u00bfPuede un trabajador negarse a entrar en un ERTE?<\/h2>\n\n\n\n<p>No, no es posible. La empresa toma esta decisi\u00f3n basada en necesidades econ\u00f3micas y un trabajador no puede negarse. Sin embargo, los trabajadores que no est\u00e9n de acuerdo con su inclusi\u00f3n en un expediente de regulaci\u00f3n temporal de empleo tienen el derecho de impugnarla a trav\u00e9s de la v\u00eda judicial.<\/p>\n\n\n\n<h2 class=\"wp-block-heading\">\u00bfC\u00f3mo afecta el ERTE al periodo de vacaciones de los trabajadores?<\/h2>\n\n\n\n<p>En el caso de un&nbsp;<strong>ERTE de suspensi\u00f3n de la relaci\u00f3n laboral<\/strong>, el trabajador no devenga vacaciones en el periodo de la suspensi\u00f3n. Esto supone que a su reincorporaci\u00f3n deber\u00e1 tener en cuenta la reducci\u00f3n del c\u00f3mputo global de las vacaciones proporcional al periodo no trabajado.<\/p>\n\n\n\n<p>Si la empresa ha establecido un&nbsp;<strong>ERTE de reducci\u00f3n de jornada<\/strong>, el n\u00famero de d\u00edas de vacaciones no se reduce, pero es importante tener en cuenta que el salario durante el per\u00edodo vacacional s\u00ed se ver\u00e1 reducido proporcionalmente a los d\u00edas afectados.<\/p>\n\n\n\n<h2 class=\"wp-block-heading\">\u00bfQu\u00e9 diferencias existen entre un ERTE y un ERE?<\/h2>\n\n\n\n<p>Un ERTE es un Expediente de Regulaci\u00f3n Temporal de Empleo, mientras que un ERE es un Expediente de Regulaci\u00f3n de Empleo. La principal diferencia entre ambos radica en su finalidad: el ERTE busca&nbsp;<strong>suspender temporalmente las relaciones laborales&nbsp;<\/strong>debido a causas coyunturales, como una disminuci\u00f3n de la actividad, mientras que el ERE tiene como objetivo la&nbsp;<strong>extinci\u00f3n de contratos de trabajo<\/strong>&nbsp;por causas estructurales, como reestructuraciones empresariales o cambios en la organizaci\u00f3n.<\/p>\n\n\n\n<p>Durante la vigencia de un ERTE, una empresa no puede llevar a cabo un ERE a menos que demuestre la existencia de una alteraci\u00f3n sustancial e imprevisible entre ambos procesos, ya sea por<strong>&nbsp;una causa sobrevenida distinta o cambios sustanciales&nbsp;<\/strong>en la causa anterior.<\/p>\n\n\n\n<p>Por otro lado, la decisi\u00f3n de acudir a un ERE o a un ERTE recae exclusivamente en la direcci\u00f3n de la empresa. En ella recae determinar si la situaci\u00f3n es coyuntural o estructural. En el caso de que se aplique un ERTE y posteriormente se declare nulo, la empresa estar\u00e1 obligada a compensar a los trabajadores por las cantidades retenidas tanto en salarios como en cotizaciones.<\/p>\n\n\n\n<h2 class=\"wp-block-heading\">ERTE DANA<\/h2>\n\n\n\n<p>Las empresas afectadas por la DANA deben presentar el ERTE ante la&nbsp;<a href=\"https:\/\/www.mites.gob.es\/itss\/web\/Quienes_somos\/Estamos_muy_cerca\/autoridades_laborales.html\">Autoridad Laboral<\/a>. Esta debe aprobar el ERTE. Si en&nbsp;<strong>5 d\u00edas<\/strong>&nbsp;la empresa no recibe respuesta, se considera aprobado por silencio administrativo positivo. En ese caso, la empresa puede presentar la solicitud colectiva de prestaciones ante el&nbsp;<a href=\"https:\/\/www.sepe.es\/HomeSepe\">SEPE<\/a>. Esta debe remitirse a trav\u00e9s de&nbsp;<a href=\"https:\/\/www.sepe.es\/HomeSepe\/empresas\/servicios-para-empresas.html\">Certific@2<\/a>.<\/p>\n\n\n\n<p>La empresa debe saber que esta solicitud debe hacerse&nbsp;<strong>en plantilla oficial.&nbsp;<\/strong>Se tiene que enviar a trav\u00e9s de un nuevo servicio en la sede electr\u00f3nica del SEPE. A esta, debe adjuntarse ficheros de periodos de actividad e inactividad (XML). As\u00ed como el calendario mensual para el control de la actividad por la inspecci\u00f3n de trabajo.<\/p>\n\n\n\n<p>Las personas trabajadoras afectadas por un ERTE,&nbsp;no tienen que presentar solicitud individual de prestaci\u00f3n ante el SEPE. La empresa se encarga de ello, en representaci\u00f3n de su plantilla.<\/p>\n\n\n\n<p>Solo deben hacer este tr\u00e1mite las&nbsp;<strong>personas trabajadoras al servicio del hogar<\/strong>. Estas s\u00ed tienen que presentar su solicitud individualmente.<\/p>\n\n\n\n<p>Los aut\u00f3nomos podr\u00e1n tambi\u00e9n solicitar la prestaci\u00f3n por cese de actividad por fuerza mayor. Puede ser temporal o definitivo. Su importe oscila entre el 70% y el 50% de sus bases reguladoras.<\/p>\n","protected":false},"excerpt":{"rendered":"<p>\u00bfQu\u00e9 es un ERTE? Te explicamos todo lo que tienes que saber por Ana Alarc\u00f3n Ruiz Un ERTE (Expediente de Regulaci\u00f3n Temporal de Empleo) es un mecanismo legal en Espa\u00f1a que permite a las empresas&nbsp;suspender o reducir temporalmente los contratos de&nbsp;trabajo&nbsp;de sus empleados debido a circunstancias econ\u00f3micas, t\u00e9cnicas, organizativas o de fuerza mayor. En este &hellip; <a href=\"https:\/\/ceconsultingbenalmadena.es\/?p=821\" class=\"more-link\">Seguir leyendo <span class=\"screen-reader-text\">\u00bfQu\u00e9 es un ERTE?<\/span> <span class=\"meta-nav\">&rarr;<\/span><\/a><\/p>\n","protected":false},"author":1,"featured_media":0,"comment_status":"closed","ping_status":"open","sticky":false,"template":"","format":"standard","meta":{"footnotes":""},"categories":[19],"tags":[],"class_list":["post-821","post","type-post","status-publish","format-standard","hentry","category-laboral"],"_links":{"self":[{"href":"https:\/\/ceconsultingbenalmadena.es\/index.php?rest_route=\/wp\/v2\/posts\/821","targetHints":{"allow":["GET"]}}],"collection":[{"href":"https:\/\/ceconsultingbenalmadena.es\/index.php?rest_route=\/wp\/v2\/posts"}],"about":[{"href":"https:\/\/ceconsultingbenalmadena.es\/index.php?rest_route=\/wp\/v2\/types\/post"}],"author":[{"embeddable":true,"href":"https:\/\/ceconsultingbenalmadena.es\/index.php?rest_route=\/wp\/v2\/users\/1"}],"replies":[{"embeddable":true,"href":"https:\/\/ceconsultingbenalmadena.es\/index.php?rest_route=%2Fwp%2Fv2%2Fcomments&post=821"}],"version-history":[{"count":1,"href":"https:\/\/ceconsultingbenalmadena.es\/index.php?rest_route=\/wp\/v2\/posts\/821\/revisions"}],"predecessor-version":[{"id":822,"href":"https:\/\/ceconsultingbenalmadena.es\/index.php?rest_route=\/wp\/v2\/posts\/821\/revisions\/822"}],"wp:attachment":[{"href":"https:\/\/ceconsultingbenalmadena.es\/index.php?rest_route=%2Fwp%2Fv2%2Fmedia&parent=821"}],"wp:term":[{"taxonomy":"category","embeddable":true,"href":"https:\/\/ceconsultingbenalmadena.es\/index.php?rest_route=%2Fwp%2Fv2%2Fcategories&post=821"},{"taxonomy":"post_tag","embeddable":true,"href":"https:\/\/ceconsultingbenalmadena.es\/index.php?rest_route=%2Fwp%2Fv2%2Ftags&post=821"}],"curies":[{"name":"wp","href":"https:\/\/api.w.org\/{rel}","templated":true}]}}